{"id":77611,"date":"2026-04-28T13:23:18","date_gmt":"2026-04-28T13:23:18","guid":{"rendered":"https:\/\/laredlarioja.com.ar\/sitio\/?p=77611"},"modified":"2026-04-28T13:23:18","modified_gmt":"2026-04-28T13:23:18","slug":"jaldo-rechaza-la-reforma-electoral-de-milei","status":"publish","type":"post","link":"https:\/\/laredlarioja.com.ar\/sitio\/jaldo-rechaza-la-reforma-electoral-de-milei\/","title":{"rendered":"Jaldo rechaza la reforma electoral de Milei"},"content":{"rendered":"<p>El gobernador de Tucum\u00e1n,\u00a0<strong>Osvaldo Jaldo<\/strong>, tom\u00f3 distancia del Gobierno nacional y se convirti\u00f3 en una de las primeras voces del arco de mandatarios provinciales \u201cdialoguistas\u201d en cuestionar abiertamente la reforma electoral que impulsa el presidente Javier Milei. En declaraciones radiales, el mandatario provincial calific\u00f3 la iniciativa como un \u201ctraje a medida\u201d dise\u00f1ado para favorecer a La Libertad Avanza (LLA) y advirti\u00f3 sobre sus efectos negativos para el sistema democr\u00e1tico.<\/p>\n<p>\u201cEl Gobierno nacional est\u00e1 intentando hacerse un traje a medida en materia electoral. Mand\u00f3 no solo la eliminaci\u00f3n de las PASO, sino un conjunto de medidas. Vienen por la eliminaci\u00f3n definitiva de las PASO\u201d, afirm\u00f3 Jaldo, en un mensaje directo que apunta al coraz\u00f3n del proyecto libertario y que expone una creciente incomodidad pol\u00edtica con la estrategia electoral del oficialismo.<\/p>\n<p>El principal eje de la cr\u00edtica del gobernador est\u00e1 centrado en la defensa de las Primarias Abiertas, Simult\u00e1neas y Obligatorias (PASO), mecanismo que el Ejecutivo nacional busca suprimir bajo el argumento de reducir costos y simplificar el calendario electoral. Para Jaldo, sin embargo, la eliminaci\u00f3n de las primarias constituye un retroceso institucional que afecta tanto a los partidos pol\u00edticos como al electorado.<\/p>\n<p>\u201cEs una herramienta de ordenamiento dentro de los partidos pol\u00edticos. Permite que cualquier ciudadano que quiera ser candidato leg\u00edtimamente se presente y compita dentro de su espacio\u201d, sostuvo el gobernador, subrayando el rol de las PASO como instancia de competencia abierta y de legitimaci\u00f3n democr\u00e1tica. En ese sentido, remarc\u00f3 que suprimirlas \u201cperjudica a todos los partidos\u201d, pero fundamentalmente a los ciudadanos, \u201cporque votan y quieren participar\u201d.<\/p>\n<p>Detr\u00e1s de ese planteo, Jaldo dej\u00f3 entrever una advertencia de mayor alcance: sin PASO, las fuerzas pol\u00edticas deber\u00edan volver a seleccionar candidatos exclusivamente a trav\u00e9s de sus cartas org\u00e1nicas y mecanismos internos. A su entender, ese escenario no solo limita la competencia, sino que tambi\u00e9n reduce la participaci\u00f3n y concentra decisiones en c\u00fapulas partidarias, lo que describi\u00f3 como un claro \u201cretroceso\u201d para la vida democr\u00e1tica.<\/p>\n<p>La posici\u00f3n del gobernador tucumano no se limita a las primarias. Tambi\u00e9n se refiri\u00f3 a la Boleta \u00danica de Papel (BUP), otro de los pilares del proyecto electoral que promueve el Gobierno nacional. Si bien evit\u00f3 fijar una postura personal definitiva, anticip\u00f3 que el Partido Justicialista de Tucum\u00e1n debatir\u00e1 el tema en su Consejo Provincial y que la posici\u00f3n institucional del PJ local se despegar\u00e1 de la iniciativa planteada por el Ejecutivo.<\/p>\n<p>Fuente: Parlamentario<\/p>\n","protected":false},"excerpt":{"rendered":"<p>El gobernador de Tucum\u00e1n,\u00a0Osvaldo Jaldo, tom\u00f3 distancia del Gobierno nacional y se convirti\u00f3 en una de las primeras<\/p>\n","protected":false},"author":10,"featured_media":65525,"comment_status":"closed","ping_status":"open","sticky":false,"template":"","format":"standard","meta":{"footnotes":""},"categories":[23],"tags":[],"class_list":["post-77611","post","type-post","status-publish","format-standard","has-post-thumbnail","hentry","category-politica"],"yoast_head":"<!-- This site is optimized with the Yoast SEO plugin v27.4 - https:\/\/yoast.com\/product\/yoast-seo-wordpress\/ -->\n<title>Jaldo rechaza la reforma electoral de Milei - LA RED 88.3 LA RIOJA<\/title>\n<meta name=\"robots\" content=\"index, follow, max-snippet:-1, max-image-preview:large, max-video-preview:-1\" \/>\n<link rel=\"canonical\" href=\"https:\/\/laredlarioja.com.ar\/sitio\/jaldo-rechaza-la-reforma-electoral-de-milei\/\" \/>\n<meta property=\"og:locale\" content=\"es_ES\" \/>\n<meta property=\"og:type\" content=\"article\" \/>\n<meta property=\"og:title\" content=\"Jaldo rechaza la reforma electoral de Milei - LA RED 88.3 LA RIOJA\" \/>\n<meta property=\"og:description\" content=\"El gobernador de Tucum\u00e1n,\u00a0Osvaldo Jaldo, tom\u00f3 distancia del Gobierno nacional y se convirti\u00f3 en una de las primeras\" \/>\n<meta property=\"og:url\" content=\"https:\/\/laredlarioja.com.ar\/sitio\/jaldo-rechaza-la-reforma-electoral-de-milei\/\" \/>\n<meta property=\"og:site_name\" content=\"LA RED 88.3 LA RIOJA\" \/>\n<meta property=\"article:publisher\" content=\"https:\/\/www.facebook.com\/lared.larioja\" \/>\n<meta property=\"article:published_time\" content=\"2026-04-28T13:23:18+00:00\" \/>\n<meta property=\"og:image\" content=\"https:\/\/laredlarioja.com.ar\/sitio\/wp-content\/uploads\/2025\/08\/gobernador-osvaldo-jaldo-titular-poder-ejecutivo-pe-foto-prensa-gobernacion-970810-142557.jpeg\" \/>\n\t<meta property=\"og:image:width\" content=\"1200\" \/>\n\t<meta property=\"og:image:height\" content=\"732\" \/>\n\t<meta property=\"og:image:type\" content=\"image\/jpeg\" \/>\n<meta name=\"author\" content=\"La Red\" \/>\n<meta name=\"twitter:card\" content=\"summary_large_image\" \/>\n<meta name=\"twitter:creator\" content=\"@laredlarioja1\" \/>\n<meta name=\"twitter:site\" content=\"@laredlarioja1\" \/>\n<meta name=\"twitter:label1\" content=\"Escrito por\" \/>\n\t<meta name=\"twitter:data1\" content=\"La Red\" \/>\n\t<meta name=\"twitter:label2\" content=\"Tiempo de lectura\" \/>\n\t<meta name=\"twitter:data2\" content=\"3 minutos\" \/>\n<script type=\"application\/ld+json\" class=\"yoast-schema-graph\">{\"@context\":\"https:\\\/\\\/schema.org\",\"@graph\":[{\"@type\":\"Article\",\"@id\":\"https:\\\/\\\/laredlarioja.com.ar\\\/sitio\\\/jaldo-rechaza-la-reforma-electoral-de-milei\\\/#article\",\"isPartOf\":{\"@id\":\"https:\\\/\\\/laredlarioja.com.ar\\\/sitio\\\/jaldo-rechaza-la-reforma-electoral-de-milei\\\/\"},\"author\":{\"name\":\"La Red\",\"@id\":\"https:\\\/\\\/laredlarioja.com.ar\\\/sitio\\\/#\\\/schema\\\/person\\\/f1e213867beccedaaa4fb548d9259d9a\"},\"headline\":\"Jaldo rechaza la reforma electoral de Milei\",\"datePublished\":\"2026-04-28T13:23:18+00:00\",\"mainEntityOfPage\":{\"@id\":\"https:\\\/\\\/laredlarioja.com.ar\\\/sitio\\\/jaldo-rechaza-la-reforma-electoral-de-milei\\\/\"},\"wordCount\":432,\"publisher\":{\"@id\":\"https:\\\/\\\/laredlarioja.com.ar\\\/sitio\\\/#organization\"},\"image\":{\"@id\":\"https:\\\/\\\/laredlarioja.com.ar\\\/sitio\\\/jaldo-rechaza-la-reforma-electoral-de-milei\\\/#primaryimage\"},\"thumbnailUrl\":\"https:\\\/\\\/laredlarioja.com.ar\\\/sitio\\\/wp-content\\\/uploads\\\/2025\\\/08\\\/gobernador-osvaldo-jaldo-titular-poder-ejecutivo-pe-foto-prensa-gobernacion-970810-142557.jpeg\",\"articleSection\":[\"Pol\u00edtica\"],\"inLanguage\":\"es\"},{\"@type\":\"WebPage\",\"@id\":\"https:\\\/\\\/laredlarioja.com.ar\\\/sitio\\\/jaldo-rechaza-la-reforma-electoral-de-milei\\\/\",\"url\":\"https:\\\/\\\/laredlarioja.com.ar\\\/sitio\\\/jaldo-rechaza-la-reforma-electoral-de-milei\\\/\",\"name\":\"Jaldo rechaza la reforma electoral de Milei - LA RED 88.3 LA RIOJA\",\"isPartOf\":{\"@id\":\"https:\\\/\\\/laredlarioja.com.ar\\\/sitio\\\/#website\"},\"primaryImageOfPage\":{\"@id\":\"https:\\\/\\\/laredlarioja.com.ar\\\/sitio\\\/jaldo-rechaza-la-reforma-electoral-de-milei\\\/#primaryimage\"},\"image\":{\"@id\":\"https:\\\/\\\/laredlarioja.com.ar\\\/sitio\\\/jaldo-rechaza-la-reforma-electoral-de-milei\\\/#primaryimage\"},\"thumbnailUrl\":\"https:\\\/\\\/laredlarioja.com.ar\\\/sitio\\\/wp-content\\\/uploads\\\/2025\\\/08\\\/gobernador-osvaldo-jaldo-titular-poder-ejecutivo-pe-foto-prensa-gobernacion-970810-142557.jpeg\",\"datePublished\":\"2026-04-28T13:23:18+00:00\",\"breadcrumb\":{\"@id\":\"https:\\\/\\\/laredlarioja.com.ar\\\/sitio\\\/jaldo-rechaza-la-reforma-electoral-de-milei\\\/#breadcrumb\"},\"inLanguage\":\"es\",\"potentialAction\":[{\"@type\":\"ReadAction\",\"target\":[\"https:\\\/\\\/laredlarioja.com.ar\\\/sitio\\\/jaldo-rechaza-la-reforma-electoral-de-milei\\\/\"]}]},{\"@type\":\"ImageObject\",\"inLanguage\":\"es\",\"@id\":\"https:\\\/\\\/laredlarioja.com.ar\\\/sitio\\\/jaldo-rechaza-la-reforma-electoral-de-milei\\\/#primaryimage\",\"url\":\"https:\\\/\\\/laredlarioja.com.ar\\\/sitio\\\/wp-content\\\/uploads\\\/2025\\\/08\\\/gobernador-osvaldo-jaldo-titular-poder-ejecutivo-pe-foto-prensa-gobernacion-970810-142557.jpeg\",\"contentUrl\":\"https:\\\/\\\/laredlarioja.com.ar\\\/sitio\\\/wp-content\\\/uploads\\\/2025\\\/08\\\/gobernador-osvaldo-jaldo-titular-poder-ejecutivo-pe-foto-prensa-gobernacion-970810-142557.jpeg\",\"width\":1200,\"height\":732},{\"@type\":\"BreadcrumbList\",\"@id\":\"https:\\\/\\\/laredlarioja.com.ar\\\/sitio\\\/jaldo-rechaza-la-reforma-electoral-de-milei\\\/#breadcrumb\",\"itemListElement\":[{\"@type\":\"ListItem\",\"position\":1,\"name\":\"Portada\",\"item\":\"https:\\\/\\\/laredlarioja.com.ar\\\/sitio\\\/\"},{\"@type\":\"ListItem\",\"position\":2,\"name\":\"Jaldo rechaza la reforma electoral de Milei\"}]},{\"@type\":\"WebSite\",\"@id\":\"https:\\\/\\\/laredlarioja.com.ar\\\/sitio\\\/#website\",\"url\":\"https:\\\/\\\/laredlarioja.com.ar\\\/sitio\\\/\",\"name\":\"LA RED 88.3 LA RIOJA\",\"description\":\"Sitio de Noticias\",\"publisher\":{\"@id\":\"https:\\\/\\\/laredlarioja.com.ar\\\/sitio\\\/#organization\"},\"potentialAction\":[{\"@type\":\"SearchAction\",\"target\":{\"@type\":\"EntryPoint\",\"urlTemplate\":\"https:\\\/\\\/laredlarioja.com.ar\\\/sitio\\\/?s={search_term_string}\"},\"query-input\":{\"@type\":\"PropertyValueSpecification\",\"valueRequired\":true,\"valueName\":\"search_term_string\"}}],\"inLanguage\":\"es\"},{\"@type\":\"Organization\",\"@id\":\"https:\\\/\\\/laredlarioja.com.ar\\\/sitio\\\/#organization\",\"name\":\"LA RED 88.3 LA RIOJA\",\"url\":\"https:\\\/\\\/laredlarioja.com.ar\\\/sitio\\\/\",\"logo\":{\"@type\":\"ImageObject\",\"inLanguage\":\"es\",\"@id\":\"https:\\\/\\\/laredlarioja.com.ar\\\/sitio\\\/#\\\/schema\\\/logo\\\/image\\\/\",\"url\":\"https:\\\/\\\/laredlarioja.com.ar\\\/sitio\\\/wp-content\\\/uploads\\\/2025\\\/05\\\/LOGO-LA-RED.png\",\"contentUrl\":\"https:\\\/\\\/laredlarioja.com.ar\\\/sitio\\\/wp-content\\\/uploads\\\/2025\\\/05\\\/LOGO-LA-RED.png\",\"width\":193,\"height\":340,\"caption\":\"LA RED 88.3 LA RIOJA\"},\"image\":{\"@id\":\"https:\\\/\\\/laredlarioja.com.ar\\\/sitio\\\/#\\\/schema\\\/logo\\\/image\\\/\"},\"sameAs\":[\"https:\\\/\\\/www.facebook.com\\\/lared.larioja\",\"https:\\\/\\\/x.com\\\/laredlarioja1\",\"https:\\\/\\\/www.instagram.com\\\/lared_larioja\\\/\"]},{\"@type\":\"Person\",\"@id\":\"https:\\\/\\\/laredlarioja.com.ar\\\/sitio\\\/#\\\/schema\\\/person\\\/f1e213867beccedaaa4fb548d9259d9a\",\"name\":\"La Red\",\"url\":\"https:\\\/\\\/laredlarioja.com.ar\\\/sitio\\\/author\\\/lared\\\/\"}]}<\/script>\n<!-- \/ Yoast SEO plugin. -->","yoast_head_json":{"title":"Jaldo rechaza la reforma electoral de Milei - LA RED 88.3 LA RIOJA","robots":{"index":"index","follow":"follow","max-snippet":"max-snippet:-1","max-image-preview":"max-image-preview:large","max-video-preview":"max-video-preview:-1"},"canonical":"https:\/\/laredlarioja.com.ar\/sitio\/jaldo-rechaza-la-reforma-electoral-de-milei\/","og_locale":"es_ES","og_type":"article","og_title":"Jaldo rechaza la reforma electoral de Milei - LA RED 88.3 LA RIOJA","og_description":"El gobernador de Tucum\u00e1n,\u00a0Osvaldo Jaldo, tom\u00f3 distancia del Gobierno nacional y se convirti\u00f3 en una de las primeras","og_url":"https:\/\/laredlarioja.com.ar\/sitio\/jaldo-rechaza-la-reforma-electoral-de-milei\/","og_site_name":"LA RED 88.3 LA RIOJA","article_publisher":"https:\/\/www.facebook.com\/lared.larioja","article_published_time":"2026-04-28T13:23:18+00:00","og_image":[{"width":1200,"height":732,"url":"https:\/\/laredlarioja.com.ar\/sitio\/wp-content\/uploads\/2025\/08\/gobernador-osvaldo-jaldo-titular-poder-ejecutivo-pe-foto-prensa-gobernacion-970810-142557.jpeg","type":"image\/jpeg"}],"author":"La Red","twitter_card":"summary_large_image","twitter_creator":"@laredlarioja1","twitter_site":"@laredlarioja1","twitter_misc":{"Escrito por":"La Red","Tiempo de lectura":"3 minutos"},"schema":{"@context":"https:\/\/schema.org","@graph":[{"@type":"Article","@id":"https:\/\/laredlarioja.com.ar\/sitio\/jaldo-rechaza-la-reforma-electoral-de-milei\/#article","isPartOf":{"@id":"https:\/\/laredlarioja.com.ar\/sitio\/jaldo-rechaza-la-reforma-electoral-de-milei\/"},"author":{"name":"La Red","@id":"https:\/\/laredlarioja.com.ar\/sitio\/#\/schema\/person\/f1e213867beccedaaa4fb548d9259d9a"},"headline":"Jaldo rechaza la reforma electoral de Milei","datePublished":"2026-04-28T13:23:18+00:00","mainEntityOfPage":{"@id":"https:\/\/laredlarioja.com.ar\/sitio\/jaldo-rechaza-la-reforma-electoral-de-milei\/"},"wordCount":432,"publisher":{"@id":"https:\/\/laredlarioja.com.ar\/sitio\/#organization"},"image":{"@id":"https:\/\/laredlarioja.com.ar\/sitio\/jaldo-rechaza-la-reforma-electoral-de-milei\/#primaryimage"},"thumbnailUrl":"https:\/\/laredlarioja.com.ar\/sitio\/wp-content\/uploads\/2025\/08\/gobernador-osvaldo-jaldo-titular-poder-ejecutivo-pe-foto-prensa-gobernacion-970810-142557.jpeg","articleSection":["Pol\u00edtica"],"inLanguage":"es"},{"@type":"WebPage","@id":"https:\/\/laredlarioja.com.ar\/sitio\/jaldo-rechaza-la-reforma-electoral-de-milei\/","url":"https:\/\/laredlarioja.com.ar\/sitio\/jaldo-rechaza-la-reforma-electoral-de-milei\/","name":"Jaldo rechaza la reforma electoral de Milei - LA RED 88.3 LA RIOJA","isPartOf":{"@id":"https:\/\/laredlarioja.com.ar\/sitio\/#website"},"primaryImageOfPage":{"@id":"https:\/\/laredlarioja.com.ar\/sitio\/jaldo-rechaza-la-reforma-electoral-de-milei\/#primaryimage"},"image":{"@id":"https:\/\/laredlarioja.com.ar\/sitio\/jaldo-rechaza-la-reforma-electoral-de-milei\/#primaryimage"},"thumbnailUrl":"https:\/\/laredlarioja.com.ar\/sitio\/wp-content\/uploads\/2025\/08\/gobernador-osvaldo-jaldo-titular-poder-ejecutivo-pe-foto-prensa-gobernacion-970810-142557.jpeg","datePublished":"2026-04-28T13:23:18+00:00","breadcrumb":{"@id":"https:\/\/laredlarioja.com.ar\/sitio\/jaldo-rechaza-la-reforma-electoral-de-milei\/#breadcrumb"},"inLanguage":"es","potentialAction":[{"@type":"ReadAction","target":["https:\/\/laredlarioja.com.ar\/sitio\/jaldo-rechaza-la-reforma-electoral-de-milei\/"]}]},{"@type":"ImageObject","inLanguage":"es","@id":"https:\/\/laredlarioja.com.ar\/sitio\/jaldo-rechaza-la-reforma-electoral-de-milei\/#primaryimage","url":"https:\/\/laredlarioja.com.ar\/sitio\/wp-content\/uploads\/2025\/08\/gobernador-osvaldo-jaldo-titular-poder-ejecutivo-pe-foto-prensa-gobernacion-970810-142557.jpeg","contentUrl":"https:\/\/laredlarioja.com.ar\/sitio\/wp-content\/uploads\/2025\/08\/gobernador-osvaldo-jaldo-titular-poder-ejecutivo-pe-foto-prensa-gobernacion-970810-142557.jpeg","width":1200,"height":732},{"@type":"BreadcrumbList","@id":"https:\/\/laredlarioja.com.ar\/sitio\/jaldo-rechaza-la-reforma-electoral-de-milei\/#breadcrumb","itemListElement":[{"@type":"ListItem","position":1,"name":"Portada","item":"https:\/\/laredlarioja.com.ar\/sitio\/"},{"@type":"ListItem","position":2,"name":"Jaldo rechaza la reforma electoral de Milei"}]},{"@type":"WebSite","@id":"https:\/\/laredlarioja.com.ar\/sitio\/#website","url":"https:\/\/laredlarioja.com.ar\/sitio\/","name":"LA RED 88.3 LA RIOJA","description":"Sitio de Noticias","publisher":{"@id":"https:\/\/laredlarioja.com.ar\/sitio\/#organization"},"potentialAction":[{"@type":"SearchAction","target":{"@type":"EntryPoint","urlTemplate":"https:\/\/laredlarioja.com.ar\/sitio\/?s={search_term_string}"},"query-input":{"@type":"PropertyValueSpecification","valueRequired":true,"valueName":"search_term_string"}}],"inLanguage":"es"},{"@type":"Organization","@id":"https:\/\/laredlarioja.com.ar\/sitio\/#organization","name":"LA RED 88.3 LA RIOJA","url":"https:\/\/laredlarioja.com.ar\/sitio\/","logo":{"@type":"ImageObject","inLanguage":"es","@id":"https:\/\/laredlarioja.com.ar\/sitio\/#\/schema\/logo\/image\/","url":"https:\/\/laredlarioja.com.ar\/sitio\/wp-content\/uploads\/2025\/05\/LOGO-LA-RED.png","contentUrl":"https:\/\/laredlarioja.com.ar\/sitio\/wp-content\/uploads\/2025\/05\/LOGO-LA-RED.png","width":193,"height":340,"caption":"LA RED 88.3 LA RIOJA"},"image":{"@id":"https:\/\/laredlarioja.com.ar\/sitio\/#\/schema\/logo\/image\/"},"sameAs":["https:\/\/www.facebook.com\/lared.larioja","https:\/\/x.com\/laredlarioja1","https:\/\/www.instagram.com\/lared_larioja\/"]},{"@type":"Person","@id":"https:\/\/laredlarioja.com.ar\/sitio\/#\/schema\/person\/f1e213867beccedaaa4fb548d9259d9a","name":"La Red","url":"https:\/\/laredlarioja.com.ar\/sitio\/author\/lared\/"}]}},"featured_image_urls":{"full":["https:\/\/laredlarioja.com.ar\/sitio\/wp-content\/uploads\/2025\/08\/gobernador-osvaldo-jaldo-titular-poder-ejecutivo-pe-foto-prensa-gobernacion-970810-142557.jpeg",1200,732,false],"thumbnail":["https:\/\/laredlarioja.com.ar\/sitio\/wp-content\/uploads\/2025\/08\/gobernador-osvaldo-jaldo-titular-poder-ejecutivo-pe-foto-prensa-gobernacion-970810-142557-150x150.jpeg",150,150,true],"medium":["https:\/\/laredlarioja.com.ar\/sitio\/wp-content\/uploads\/2025\/08\/gobernador-osvaldo-jaldo-titular-poder-ejecutivo-pe-foto-prensa-gobernacion-970810-142557-300x183.jpeg",300,183,true],"medium_large":["https:\/\/laredlarioja.com.ar\/sitio\/wp-content\/uploads\/2025\/08\/gobernador-osvaldo-jaldo-titular-poder-ejecutivo-pe-foto-prensa-gobernacion-970810-142557-768x468.jpeg",640,390,true],"large":["https:\/\/laredlarioja.com.ar\/sitio\/wp-content\/uploads\/2025\/08\/gobernador-osvaldo-jaldo-titular-poder-ejecutivo-pe-foto-prensa-gobernacion-970810-142557-1024x625.jpeg",640,391,true],"1536x1536":["https:\/\/laredlarioja.com.ar\/sitio\/wp-content\/uploads\/2025\/08\/gobernador-osvaldo-jaldo-titular-poder-ejecutivo-pe-foto-prensa-gobernacion-970810-142557.jpeg",1200,732,false],"2048x2048":["https:\/\/laredlarioja.com.ar\/sitio\/wp-content\/uploads\/2025\/08\/gobernador-osvaldo-jaldo-titular-poder-ejecutivo-pe-foto-prensa-gobernacion-970810-142557.jpeg",1200,732,false],"cvmm-medium":["https:\/\/laredlarioja.com.ar\/sitio\/wp-content\/uploads\/2025\/08\/gobernador-osvaldo-jaldo-titular-poder-ejecutivo-pe-foto-prensa-gobernacion-970810-142557-300x300.jpeg",300,300,true],"cvmm-medium-plus":["https:\/\/laredlarioja.com.ar\/sitio\/wp-content\/uploads\/2025\/08\/gobernador-osvaldo-jaldo-titular-poder-ejecutivo-pe-foto-prensa-gobernacion-970810-142557-305x207.jpeg",305,207,true],"cvmm-portrait":["https:\/\/laredlarioja.com.ar\/sitio\/wp-content\/uploads\/2025\/08\/gobernador-osvaldo-jaldo-titular-poder-ejecutivo-pe-foto-prensa-gobernacion-970810-142557-400x600.jpeg",400,600,true],"cvmm-medium-square":["https:\/\/laredlarioja.com.ar\/sitio\/wp-content\/uploads\/2025\/08\/gobernador-osvaldo-jaldo-titular-poder-ejecutivo-pe-foto-prensa-gobernacion-970810-142557-600x600.jpeg",600,600,true],"cvmm-large":["https:\/\/laredlarioja.com.ar\/sitio\/wp-content\/uploads\/2025\/08\/gobernador-osvaldo-jaldo-titular-poder-ejecutivo-pe-foto-prensa-gobernacion-970810-142557-1024x732.jpeg",1024,732,true],"cvmm-small":["https:\/\/laredlarioja.com.ar\/sitio\/wp-content\/uploads\/2025\/08\/gobernador-osvaldo-jaldo-titular-poder-ejecutivo-pe-foto-prensa-gobernacion-970810-142557-130x95.jpeg",130,95,true],"morenews-large":["https:\/\/laredlarioja.com.ar\/sitio\/wp-content\/uploads\/2025\/08\/gobernador-osvaldo-jaldo-titular-poder-ejecutivo-pe-foto-prensa-gobernacion-970810-142557-825x575.jpeg",825,575,true],"morenews-medium":["https:\/\/laredlarioja.com.ar\/sitio\/wp-content\/uploads\/2025\/08\/gobernador-osvaldo-jaldo-titular-poder-ejecutivo-pe-foto-prensa-gobernacion-970810-142557-590x410.jpeg",590,410,true]},"author_info":{"display_name":"La Red","author_link":"https:\/\/laredlarioja.com.ar\/sitio\/author\/lared\/"},"category_info":"<a href=\"https:\/\/laredlarioja.com.ar\/sitio\/categorias\/politica\/\" rel=\"category tag\">Pol\u00edtica<\/a>","tag_info":"Pol\u00edtica","comment_count":"0","blog_post_layout_featured_media_urls":{"thumbnail":["https:\/\/laredlarioja.com.ar\/sitio\/wp-content\/uploads\/2025\/08\/gobernador-osvaldo-jaldo-titular-poder-ejecutivo-pe-foto-prensa-gobernacion-970810-142557-150x150.jpeg",150,150,true],"full":["https:\/\/laredlarioja.com.ar\/sitio\/wp-content\/uploads\/2025\/08\/gobernador-osvaldo-jaldo-titular-poder-ejecutivo-pe-foto-prensa-gobernacion-970810-142557.jpeg",1200,732,false]},"categories_names":{"23":{"name":"Pol\u00edtica","link":"https:\/\/laredlarioja.com.ar\/sitio\/categorias\/politica\/"}},"tags_names":[],"comments_number":"0","wpmagazine_modules_lite_featured_media_urls":{"thumbnail":["https:\/\/laredlarioja.com.ar\/sitio\/wp-content\/uploads\/2025\/08\/gobernador-osvaldo-jaldo-titular-poder-ejecutivo-pe-foto-prensa-gobernacion-970810-142557-150x150.jpeg",150,150,true],"cvmm-medium":["https:\/\/laredlarioja.com.ar\/sitio\/wp-content\/uploads\/2025\/08\/gobernador-osvaldo-jaldo-titular-poder-ejecutivo-pe-foto-prensa-gobernacion-970810-142557-300x300.jpeg",300,300,true],"cvmm-medium-plus":["https:\/\/laredlarioja.com.ar\/sitio\/wp-content\/uploads\/2025\/08\/gobernador-osvaldo-jaldo-titular-poder-ejecutivo-pe-foto-prensa-gobernacion-970810-142557-305x207.jpeg",305,207,true],"cvmm-portrait":["https:\/\/laredlarioja.com.ar\/sitio\/wp-content\/uploads\/2025\/08\/gobernador-osvaldo-jaldo-titular-poder-ejecutivo-pe-foto-prensa-gobernacion-970810-142557-400x600.jpeg",400,600,true],"cvmm-medium-square":["https:\/\/laredlarioja.com.ar\/sitio\/wp-content\/uploads\/2025\/08\/gobernador-osvaldo-jaldo-titular-poder-ejecutivo-pe-foto-prensa-gobernacion-970810-142557-600x600.jpeg",600,600,true],"cvmm-large":["https:\/\/laredlarioja.com.ar\/sitio\/wp-content\/uploads\/2025\/08\/gobernador-osvaldo-jaldo-titular-poder-ejecutivo-pe-foto-prensa-gobernacion-970810-142557-1024x732.jpeg",1024,732,true],"cvmm-small":["https:\/\/laredlarioja.com.ar\/sitio\/wp-content\/uploads\/2025\/08\/gobernador-osvaldo-jaldo-titular-poder-ejecutivo-pe-foto-prensa-gobernacion-970810-142557-130x95.jpeg",130,95,true],"full":["https:\/\/laredlarioja.com.ar\/sitio\/wp-content\/uploads\/2025\/08\/gobernador-osvaldo-jaldo-titular-poder-ejecutivo-pe-foto-prensa-gobernacion-970810-142557.jpeg",1200,732,false]},"_links":{"self":[{"href":"https:\/\/laredlarioja.com.ar\/sitio\/wp-json\/wp\/v2\/posts\/77611","targetHints":{"allow":["GET"]}}],"collection":[{"href":"https:\/\/laredlarioja.com.ar\/sitio\/wp-json\/wp\/v2\/posts"}],"about":[{"href":"https:\/\/laredlarioja.com.ar\/sitio\/wp-json\/wp\/v2\/types\/post"}],"author":[{"embeddable":true,"href":"https:\/\/laredlarioja.com.ar\/sitio\/wp-json\/wp\/v2\/users\/10"}],"replies":[{"embeddable":true,"href":"https:\/\/laredlarioja.com.ar\/sitio\/wp-json\/wp\/v2\/comments?post=77611"}],"version-history":[{"count":1,"href":"https:\/\/laredlarioja.com.ar\/sitio\/wp-json\/wp\/v2\/posts\/77611\/revisions"}],"predecessor-version":[{"id":77613,"href":"https:\/\/laredlarioja.com.ar\/sitio\/wp-json\/wp\/v2\/posts\/77611\/revisions\/77613"}],"wp:featuredmedia":[{"embeddable":true,"href":"https:\/\/laredlarioja.com.ar\/sitio\/wp-json\/wp\/v2\/media\/65525"}],"wp:attachment":[{"href":"https:\/\/laredlarioja.com.ar\/sitio\/wp-json\/wp\/v2\/media?parent=77611"}],"wp:term":[{"taxonomy":"category","embeddable":true,"href":"https:\/\/laredlarioja.com.ar\/sitio\/wp-json\/wp\/v2\/categories?post=77611"},{"taxonomy":"post_tag","embeddable":true,"href":"https:\/\/laredlarioja.com.ar\/sitio\/wp-json\/wp\/v2\/tags?post=77611"}],"curies":[{"name":"wp","href":"https:\/\/api.w.org\/{rel}","templated":true}]}}