{"id":77614,"date":"2026-04-28T13:42:35","date_gmt":"2026-04-28T13:42:35","guid":{"rendered":"https:\/\/laredlarioja.com.ar\/sitio\/?p=77614"},"modified":"2026-04-28T15:40:57","modified_gmt":"2026-04-28T15:40:57","slug":"alumnos-del-manuel-belgrano-lanzan-su-colecta-anual-de-sangre","status":"publish","type":"post","link":"https:\/\/laredlarioja.com.ar\/sitio\/alumnos-del-manuel-belgrano-lanzan-su-colecta-anual-de-sangre\/","title":{"rendered":"Alumnos del Manuel Belgrano lanzan su colecta anual de sangre"},"content":{"rendered":"<h3 data-path-to-node=\"2\">Estudiantes de la asignatura de Neurooratoria organizan la sexta campa\u00f1a institucional junto al Centro Regional de Hemoterapia. La actividad se realizar\u00e1 este jueves 30 de abril en el colegio y tambi\u00e9n incluir\u00e1 el registro para la donaci\u00f3n de m\u00e9dula \u00f3sea.<\/h3>\n<p data-path-to-node=\"4\">\u00a0Frente a la escasez cr\u00edtica de donantes que atraviesa la provincia, los estudiantes de cuarto y quinto a\u00f1o del <b data-path-to-node=\"4\" data-index-in-node=\"123\">Instituto Privado Manuel Belgrano<\/b> encabezan una nueva cruzada solidaria. Bajo la premisa de que la donaci\u00f3n es un acto \u00absencillo pero profundo\u00bb, los j\u00f3venes buscan concientizar a la comunidad sobre la importancia de ser donantes voluntarios y recurrentes.<\/p>\n<p data-path-to-node=\"5\">En visita a los estudios de <b data-path-to-node=\"5\" data-index-in-node=\"28\">Radio La Red<\/b>, los alumnos Mar\u00eda Ju\u00e1rez y Marcos Chanampa, representantes del espacio de Neurooratoria, brindaron detalles de lo que ser\u00e1 la sexta edici\u00f3n de esta campa\u00f1a (quinta de forma consecutiva), coordinada de manera conjunta con el <b data-path-to-node=\"5\" data-index-in-node=\"266\">Centro Regional de Hemoterapia<\/b>.<\/p>\n<p data-path-to-node=\"7\">La colecta se llevar\u00e1 a cabo este <b data-path-to-node=\"7\" data-index-in-node=\"34\">jueves 30 de abril<\/b>, en el horario de <b data-path-to-node=\"7\" data-index-in-node=\"71\">08:00 a 11:00<\/b>, en el Sal\u00f3n de Usos M\u00faltiples (SUM) de la instituci\u00f3n, ubicado sobre la calle <b data-path-to-node=\"7\" data-index-in-node=\"164\">25 de Mayo 460<\/b> (en diagonal al edificio principal del colegio).<\/p>\n<p data-path-to-node=\"8\">\u00abQueremos recalcar que el objetivo es concientizar para que la donaci\u00f3n se haga de forma responsable, solidaria y voluntaria. Con una sola donaci\u00f3n nosotros podemos llegar a salvar hasta tres vidas\u00bb, enfatiz\u00f3 Marcos Chanampa durante la entrevista.<\/p>\n","protected":false},"excerpt":{"rendered":"<p>Estudiantes de la asignatura de Neurooratoria organizan la sexta campa\u00f1a institucional junto al Centro Regional de Hemoterapia. La<\/p>\n","protected":false},"author":10,"featured_media":77615,"comment_status":"closed","ping_status":"open","sticky":false,"template":"","format":"standard","meta":{"footnotes":""},"categories":[94],"tags":[],"class_list":["post-77614","post","type-post","status-publish","format-standard","has-post-thumbnail","hentry","category-locales"],"yoast_head":"<!-- This site is optimized with the Yoast SEO plugin v27.4 - https:\/\/yoast.com\/product\/yoast-seo-wordpress\/ -->\n<title>Alumnos del Manuel Belgrano lanzan su colecta anual de sangre - LA RED 88.3 LA RIOJA<\/title>\n<meta name=\"robots\" content=\"index, follow, max-snippet:-1, max-image-preview:large, max-video-preview:-1\" \/>\n<link rel=\"canonical\" href=\"https:\/\/laredlarioja.com.ar\/sitio\/alumnos-del-manuel-belgrano-lanzan-su-colecta-anual-de-sangre\/\" \/>\n<meta property=\"og:locale\" content=\"es_ES\" \/>\n<meta property=\"og:type\" content=\"article\" \/>\n<meta property=\"og:title\" content=\"Alumnos del Manuel Belgrano lanzan su colecta anual de sangre - LA RED 88.3 LA RIOJA\" \/>\n<meta property=\"og:description\" content=\"Estudiantes de la asignatura de Neurooratoria organizan la sexta campa\u00f1a institucional junto al Centro Regional de Hemoterapia. La\" \/>\n<meta property=\"og:url\" content=\"https:\/\/laredlarioja.com.ar\/sitio\/alumnos-del-manuel-belgrano-lanzan-su-colecta-anual-de-sangre\/\" \/>\n<meta property=\"og:site_name\" content=\"LA RED 88.3 LA RIOJA\" \/>\n<meta property=\"article:publisher\" content=\"https:\/\/www.facebook.com\/lared.larioja\" \/>\n<meta property=\"article:published_time\" content=\"2026-04-28T13:42:35+00:00\" \/>\n<meta property=\"article:modified_time\" content=\"2026-04-28T15:40:57+00:00\" \/>\n<meta property=\"og:image\" content=\"https:\/\/laredlarioja.com.ar\/sitio\/wp-content\/uploads\/2026\/04\/WhatsApp-Image-2026-04-28-at-08.40.56.jpeg\" \/>\n\t<meta property=\"og:image:width\" content=\"1219\" \/>\n\t<meta property=\"og:image:height\" content=\"695\" \/>\n\t<meta property=\"og:image:type\" content=\"image\/jpeg\" \/>\n<meta name=\"author\" content=\"La Red\" \/>\n<meta name=\"twitter:card\" content=\"summary_large_image\" \/>\n<meta name=\"twitter:creator\" content=\"@laredlarioja1\" \/>\n<meta name=\"twitter:site\" content=\"@laredlarioja1\" \/>\n<meta name=\"twitter:label1\" content=\"Escrito por\" \/>\n\t<meta name=\"twitter:data1\" content=\"La Red\" \/>\n\t<meta name=\"twitter:label2\" content=\"Tiempo de lectura\" \/>\n\t<meta name=\"twitter:data2\" content=\"2 minutos\" \/>\n<script type=\"application\/ld+json\" class=\"yoast-schema-graph\">{\"@context\":\"https:\\\/\\\/schema.org\",\"@graph\":[{\"@type\":\"Article\",\"@id\":\"https:\\\/\\\/laredlarioja.com.ar\\\/sitio\\\/alumnos-del-manuel-belgrano-lanzan-su-colecta-anual-de-sangre\\\/#article\",\"isPartOf\":{\"@id\":\"https:\\\/\\\/laredlarioja.com.ar\\\/sitio\\\/alumnos-del-manuel-belgrano-lanzan-su-colecta-anual-de-sangre\\\/\"},\"author\":{\"name\":\"La Red\",\"@id\":\"https:\\\/\\\/laredlarioja.com.ar\\\/sitio\\\/#\\\/schema\\\/person\\\/f1e213867beccedaaa4fb548d9259d9a\"},\"headline\":\"Alumnos del Manuel Belgrano lanzan su colecta anual de sangre\",\"datePublished\":\"2026-04-28T13:42:35+00:00\",\"dateModified\":\"2026-04-28T15:40:57+00:00\",\"mainEntityOfPage\":{\"@id\":\"https:\\\/\\\/laredlarioja.com.ar\\\/sitio\\\/alumnos-del-manuel-belgrano-lanzan-su-colecta-anual-de-sangre\\\/\"},\"wordCount\":245,\"publisher\":{\"@id\":\"https:\\\/\\\/laredlarioja.com.ar\\\/sitio\\\/#organization\"},\"image\":{\"@id\":\"https:\\\/\\\/laredlarioja.com.ar\\\/sitio\\\/alumnos-del-manuel-belgrano-lanzan-su-colecta-anual-de-sangre\\\/#primaryimage\"},\"thumbnailUrl\":\"https:\\\/\\\/laredlarioja.com.ar\\\/sitio\\\/wp-content\\\/uploads\\\/2026\\\/04\\\/WhatsApp-Image-2026-04-28-at-08.40.56.jpeg\",\"articleSection\":[\"Locales\"],\"inLanguage\":\"es\"},{\"@type\":\"WebPage\",\"@id\":\"https:\\\/\\\/laredlarioja.com.ar\\\/sitio\\\/alumnos-del-manuel-belgrano-lanzan-su-colecta-anual-de-sangre\\\/\",\"url\":\"https:\\\/\\\/laredlarioja.com.ar\\\/sitio\\\/alumnos-del-manuel-belgrano-lanzan-su-colecta-anual-de-sangre\\\/\",\"name\":\"Alumnos del Manuel Belgrano lanzan su colecta anual de sangre - LA RED 88.3 LA RIOJA\",\"isPartOf\":{\"@id\":\"https:\\\/\\\/laredlarioja.com.ar\\\/sitio\\\/#website\"},\"primaryImageOfPage\":{\"@id\":\"https:\\\/\\\/laredlarioja.com.ar\\\/sitio\\\/alumnos-del-manuel-belgrano-lanzan-su-colecta-anual-de-sangre\\\/#primaryimage\"},\"image\":{\"@id\":\"https:\\\/\\\/laredlarioja.com.ar\\\/sitio\\\/alumnos-del-manuel-belgrano-lanzan-su-colecta-anual-de-sangre\\\/#primaryimage\"},\"thumbnailUrl\":\"https:\\\/\\\/laredlarioja.com.ar\\\/sitio\\\/wp-content\\\/uploads\\\/2026\\\/04\\\/WhatsApp-Image-2026-04-28-at-08.40.56.jpeg\",\"datePublished\":\"2026-04-28T13:42:35+00:00\",\"dateModified\":\"2026-04-28T15:40:57+00:00\",\"breadcrumb\":{\"@id\":\"https:\\\/\\\/laredlarioja.com.ar\\\/sitio\\\/alumnos-del-manuel-belgrano-lanzan-su-colecta-anual-de-sangre\\\/#breadcrumb\"},\"inLanguage\":\"es\",\"potentialAction\":[{\"@type\":\"ReadAction\",\"target\":[\"https:\\\/\\\/laredlarioja.com.ar\\\/sitio\\\/alumnos-del-manuel-belgrano-lanzan-su-colecta-anual-de-sangre\\\/\"]}]},{\"@type\":\"ImageObject\",\"inLanguage\":\"es\",\"@id\":\"https:\\\/\\\/laredlarioja.com.ar\\\/sitio\\\/alumnos-del-manuel-belgrano-lanzan-su-colecta-anual-de-sangre\\\/#primaryimage\",\"url\":\"https:\\\/\\\/laredlarioja.com.ar\\\/sitio\\\/wp-content\\\/uploads\\\/2026\\\/04\\\/WhatsApp-Image-2026-04-28-at-08.40.56.jpeg\",\"contentUrl\":\"https:\\\/\\\/laredlarioja.com.ar\\\/sitio\\\/wp-content\\\/uploads\\\/2026\\\/04\\\/WhatsApp-Image-2026-04-28-at-08.40.56.jpeg\",\"width\":1219,\"height\":695},{\"@type\":\"BreadcrumbList\",\"@id\":\"https:\\\/\\\/laredlarioja.com.ar\\\/sitio\\\/alumnos-del-manuel-belgrano-lanzan-su-colecta-anual-de-sangre\\\/#breadcrumb\",\"itemListElement\":[{\"@type\":\"ListItem\",\"position\":1,\"name\":\"Portada\",\"item\":\"https:\\\/\\\/laredlarioja.com.ar\\\/sitio\\\/\"},{\"@type\":\"ListItem\",\"position\":2,\"name\":\"Alumnos del Manuel Belgrano lanzan su colecta anual de sangre\"}]},{\"@type\":\"WebSite\",\"@id\":\"https:\\\/\\\/laredlarioja.com.ar\\\/sitio\\\/#website\",\"url\":\"https:\\\/\\\/laredlarioja.com.ar\\\/sitio\\\/\",\"name\":\"LA RED 88.3 LA RIOJA\",\"description\":\"Sitio de Noticias\",\"publisher\":{\"@id\":\"https:\\\/\\\/laredlarioja.com.ar\\\/sitio\\\/#organization\"},\"potentialAction\":[{\"@type\":\"SearchAction\",\"target\":{\"@type\":\"EntryPoint\",\"urlTemplate\":\"https:\\\/\\\/laredlarioja.com.ar\\\/sitio\\\/?s={search_term_string}\"},\"query-input\":{\"@type\":\"PropertyValueSpecification\",\"valueRequired\":true,\"valueName\":\"search_term_string\"}}],\"inLanguage\":\"es\"},{\"@type\":\"Organization\",\"@id\":\"https:\\\/\\\/laredlarioja.com.ar\\\/sitio\\\/#organization\",\"name\":\"LA RED 88.3 LA RIOJA\",\"url\":\"https:\\\/\\\/laredlarioja.com.ar\\\/sitio\\\/\",\"logo\":{\"@type\":\"ImageObject\",\"inLanguage\":\"es\",\"@id\":\"https:\\\/\\\/laredlarioja.com.ar\\\/sitio\\\/#\\\/schema\\\/logo\\\/image\\\/\",\"url\":\"https:\\\/\\\/laredlarioja.com.ar\\\/sitio\\\/wp-content\\\/uploads\\\/2025\\\/05\\\/LOGO-LA-RED.png\",\"contentUrl\":\"https:\\\/\\\/laredlarioja.com.ar\\\/sitio\\\/wp-content\\\/uploads\\\/2025\\\/05\\\/LOGO-LA-RED.png\",\"width\":193,\"height\":340,\"caption\":\"LA RED 88.3 LA RIOJA\"},\"image\":{\"@id\":\"https:\\\/\\\/laredlarioja.com.ar\\\/sitio\\\/#\\\/schema\\\/logo\\\/image\\\/\"},\"sameAs\":[\"https:\\\/\\\/www.facebook.com\\\/lared.larioja\",\"https:\\\/\\\/x.com\\\/laredlarioja1\",\"https:\\\/\\\/www.instagram.com\\\/lared_larioja\\\/\"]},{\"@type\":\"Person\",\"@id\":\"https:\\\/\\\/laredlarioja.com.ar\\\/sitio\\\/#\\\/schema\\\/person\\\/f1e213867beccedaaa4fb548d9259d9a\",\"name\":\"La Red\",\"url\":\"https:\\\/\\\/laredlarioja.com.ar\\\/sitio\\\/author\\\/lared\\\/\"}]}<\/script>\n<!-- \/ Yoast SEO plugin. -->","yoast_head_json":{"title":"Alumnos del Manuel Belgrano lanzan su colecta anual de sangre - LA RED 88.3 LA RIOJA","robots":{"index":"index","follow":"follow","max-snippet":"max-snippet:-1","max-image-preview":"max-image-preview:large","max-video-preview":"max-video-preview:-1"},"canonical":"https:\/\/laredlarioja.com.ar\/sitio\/alumnos-del-manuel-belgrano-lanzan-su-colecta-anual-de-sangre\/","og_locale":"es_ES","og_type":"article","og_title":"Alumnos del Manuel Belgrano lanzan su colecta anual de sangre - LA RED 88.3 LA RIOJA","og_description":"Estudiantes de la asignatura de Neurooratoria organizan la sexta campa\u00f1a institucional junto al Centro Regional de Hemoterapia. La","og_url":"https:\/\/laredlarioja.com.ar\/sitio\/alumnos-del-manuel-belgrano-lanzan-su-colecta-anual-de-sangre\/","og_site_name":"LA RED 88.3 LA RIOJA","article_publisher":"https:\/\/www.facebook.com\/lared.larioja","article_published_time":"2026-04-28T13:42:35+00:00","article_modified_time":"2026-04-28T15:40:57+00:00","og_image":[{"width":1219,"height":695,"url":"https:\/\/laredlarioja.com.ar\/sitio\/wp-content\/uploads\/2026\/04\/WhatsApp-Image-2026-04-28-at-08.40.56.jpeg","type":"image\/jpeg"}],"author":"La Red","twitter_card":"summary_large_image","twitter_creator":"@laredlarioja1","twitter_site":"@laredlarioja1","twitter_misc":{"Escrito por":"La Red","Tiempo de lectura":"2 minutos"},"schema":{"@context":"https:\/\/schema.org","@graph":[{"@type":"Article","@id":"https:\/\/laredlarioja.com.ar\/sitio\/alumnos-del-manuel-belgrano-lanzan-su-colecta-anual-de-sangre\/#article","isPartOf":{"@id":"https:\/\/laredlarioja.com.ar\/sitio\/alumnos-del-manuel-belgrano-lanzan-su-colecta-anual-de-sangre\/"},"author":{"name":"La Red","@id":"https:\/\/laredlarioja.com.ar\/sitio\/#\/schema\/person\/f1e213867beccedaaa4fb548d9259d9a"},"headline":"Alumnos del Manuel Belgrano lanzan su colecta anual de sangre","datePublished":"2026-04-28T13:42:35+00:00","dateModified":"2026-04-28T15:40:57+00:00","mainEntityOfPage":{"@id":"https:\/\/laredlarioja.com.ar\/sitio\/alumnos-del-manuel-belgrano-lanzan-su-colecta-anual-de-sangre\/"},"wordCount":245,"publisher":{"@id":"https:\/\/laredlarioja.com.ar\/sitio\/#organization"},"image":{"@id":"https:\/\/laredlarioja.com.ar\/sitio\/alumnos-del-manuel-belgrano-lanzan-su-colecta-anual-de-sangre\/#primaryimage"},"thumbnailUrl":"https:\/\/laredlarioja.com.ar\/sitio\/wp-content\/uploads\/2026\/04\/WhatsApp-Image-2026-04-28-at-08.40.56.jpeg","articleSection":["Locales"],"inLanguage":"es"},{"@type":"WebPage","@id":"https:\/\/laredlarioja.com.ar\/sitio\/alumnos-del-manuel-belgrano-lanzan-su-colecta-anual-de-sangre\/","url":"https:\/\/laredlarioja.com.ar\/sitio\/alumnos-del-manuel-belgrano-lanzan-su-colecta-anual-de-sangre\/","name":"Alumnos del Manuel Belgrano lanzan su colecta anual de sangre - LA RED 88.3 LA RIOJA","isPartOf":{"@id":"https:\/\/laredlarioja.com.ar\/sitio\/#website"},"primaryImageOfPage":{"@id":"https:\/\/laredlarioja.com.ar\/sitio\/alumnos-del-manuel-belgrano-lanzan-su-colecta-anual-de-sangre\/#primaryimage"},"image":{"@id":"https:\/\/laredlarioja.com.ar\/sitio\/alumnos-del-manuel-belgrano-lanzan-su-colecta-anual-de-sangre\/#primaryimage"},"thumbnailUrl":"https:\/\/laredlarioja.com.ar\/sitio\/wp-content\/uploads\/2026\/04\/WhatsApp-Image-2026-04-28-at-08.40.56.jpeg","datePublished":"2026-04-28T13:42:35+00:00","dateModified":"2026-04-28T15:40:57+00:00","breadcrumb":{"@id":"https:\/\/laredlarioja.com.ar\/sitio\/alumnos-del-manuel-belgrano-lanzan-su-colecta-anual-de-sangre\/#breadcrumb"},"inLanguage":"es","potentialAction":[{"@type":"ReadAction","target":["https:\/\/laredlarioja.com.ar\/sitio\/alumnos-del-manuel-belgrano-lanzan-su-colecta-anual-de-sangre\/"]}]},{"@type":"ImageObject","inLanguage":"es","@id":"https:\/\/laredlarioja.com.ar\/sitio\/alumnos-del-manuel-belgrano-lanzan-su-colecta-anual-de-sangre\/#primaryimage","url":"https:\/\/laredlarioja.com.ar\/sitio\/wp-content\/uploads\/2026\/04\/WhatsApp-Image-2026-04-28-at-08.40.56.jpeg","contentUrl":"https:\/\/laredlarioja.com.ar\/sitio\/wp-content\/uploads\/2026\/04\/WhatsApp-Image-2026-04-28-at-08.40.56.jpeg","width":1219,"height":695},{"@type":"BreadcrumbList","@id":"https:\/\/laredlarioja.com.ar\/sitio\/alumnos-del-manuel-belgrano-lanzan-su-colecta-anual-de-sangre\/#breadcrumb","itemListElement":[{"@type":"ListItem","position":1,"name":"Portada","item":"https:\/\/laredlarioja.com.ar\/sitio\/"},{"@type":"ListItem","position":2,"name":"Alumnos del Manuel Belgrano lanzan su colecta anual de sangre"}]},{"@type":"WebSite","@id":"https:\/\/laredlarioja.com.ar\/sitio\/#website","url":"https:\/\/laredlarioja.com.ar\/sitio\/","name":"LA RED 88.3 LA RIOJA","description":"Sitio de Noticias","publisher":{"@id":"https:\/\/laredlarioja.com.ar\/sitio\/#organization"},"potentialAction":[{"@type":"SearchAction","target":{"@type":"EntryPoint","urlTemplate":"https:\/\/laredlarioja.com.ar\/sitio\/?s={search_term_string}"},"query-input":{"@type":"PropertyValueSpecification","valueRequired":true,"valueName":"search_term_string"}}],"inLanguage":"es"},{"@type":"Organization","@id":"https:\/\/laredlarioja.com.ar\/sitio\/#organization","name":"LA RED 88.3 LA RIOJA","url":"https:\/\/laredlarioja.com.ar\/sitio\/","logo":{"@type":"ImageObject","inLanguage":"es","@id":"https:\/\/laredlarioja.com.ar\/sitio\/#\/schema\/logo\/image\/","url":"https:\/\/laredlarioja.com.ar\/sitio\/wp-content\/uploads\/2025\/05\/LOGO-LA-RED.png","contentUrl":"https:\/\/laredlarioja.com.ar\/sitio\/wp-content\/uploads\/2025\/05\/LOGO-LA-RED.png","width":193,"height":340,"caption":"LA RED 88.3 LA RIOJA"},"image":{"@id":"https:\/\/laredlarioja.com.ar\/sitio\/#\/schema\/logo\/image\/"},"sameAs":["https:\/\/www.facebook.com\/lared.larioja","https:\/\/x.com\/laredlarioja1","https:\/\/www.instagram.com\/lared_larioja\/"]},{"@type":"Person","@id":"https:\/\/laredlarioja.com.ar\/sitio\/#\/schema\/person\/f1e213867beccedaaa4fb548d9259d9a","name":"La Red","url":"https:\/\/laredlarioja.com.ar\/sitio\/author\/lared\/"}]}},"featured_image_urls":{"full":["https:\/\/laredlarioja.com.ar\/sitio\/wp-content\/uploads\/2026\/04\/WhatsApp-Image-2026-04-28-at-08.40.56.jpeg",1219,695,false],"thumbnail":["https:\/\/laredlarioja.com.ar\/sitio\/wp-content\/uploads\/2026\/04\/WhatsApp-Image-2026-04-28-at-08.40.56-150x150.jpeg",150,150,true],"medium":["https:\/\/laredlarioja.com.ar\/sitio\/wp-content\/uploads\/2026\/04\/WhatsApp-Image-2026-04-28-at-08.40.56-300x171.jpeg",300,171,true],"medium_large":["https:\/\/laredlarioja.com.ar\/sitio\/wp-content\/uploads\/2026\/04\/WhatsApp-Image-2026-04-28-at-08.40.56-768x438.jpeg",640,365,true],"large":["https:\/\/laredlarioja.com.ar\/sitio\/wp-content\/uploads\/2026\/04\/WhatsApp-Image-2026-04-28-at-08.40.56-1024x584.jpeg",640,365,true],"1536x1536":["https:\/\/laredlarioja.com.ar\/sitio\/wp-content\/uploads\/2026\/04\/WhatsApp-Image-2026-04-28-at-08.40.56.jpeg",1219,695,false],"2048x2048":["https:\/\/laredlarioja.com.ar\/sitio\/wp-content\/uploads\/2026\/04\/WhatsApp-Image-2026-04-28-at-08.40.56.jpeg",1219,695,false],"cvmm-medium":["https:\/\/laredlarioja.com.ar\/sitio\/wp-content\/uploads\/2026\/04\/WhatsApp-Image-2026-04-28-at-08.40.56-300x300.jpeg",300,300,true],"cvmm-medium-plus":["https:\/\/laredlarioja.com.ar\/sitio\/wp-content\/uploads\/2026\/04\/WhatsApp-Image-2026-04-28-at-08.40.56-305x207.jpeg",305,207,true],"cvmm-portrait":["https:\/\/laredlarioja.com.ar\/sitio\/wp-content\/uploads\/2026\/04\/WhatsApp-Image-2026-04-28-at-08.40.56-400x600.jpeg",400,600,true],"cvmm-medium-square":["https:\/\/laredlarioja.com.ar\/sitio\/wp-content\/uploads\/2026\/04\/WhatsApp-Image-2026-04-28-at-08.40.56-600x600.jpeg",600,600,true],"cvmm-large":["https:\/\/laredlarioja.com.ar\/sitio\/wp-content\/uploads\/2026\/04\/WhatsApp-Image-2026-04-28-at-08.40.56-1024x695.jpeg",1024,695,true],"cvmm-small":["https:\/\/laredlarioja.com.ar\/sitio\/wp-content\/uploads\/2026\/04\/WhatsApp-Image-2026-04-28-at-08.40.56-130x95.jpeg",130,95,true],"morenews-large":["https:\/\/laredlarioja.com.ar\/sitio\/wp-content\/uploads\/2026\/04\/WhatsApp-Image-2026-04-28-at-08.40.56-825x575.jpeg",825,575,true],"morenews-medium":["https:\/\/laredlarioja.com.ar\/sitio\/wp-content\/uploads\/2026\/04\/WhatsApp-Image-2026-04-28-at-08.40.56-590x410.jpeg",590,410,true]},"author_info":{"display_name":"La Red","author_link":"https:\/\/laredlarioja.com.ar\/sitio\/author\/lared\/"},"category_info":"<a href=\"https:\/\/laredlarioja.com.ar\/sitio\/categorias\/locales\/\" rel=\"category tag\">Locales<\/a>","tag_info":"Locales","comment_count":"0","blog_post_layout_featured_media_urls":{"thumbnail":["https:\/\/laredlarioja.com.ar\/sitio\/wp-content\/uploads\/2026\/04\/WhatsApp-Image-2026-04-28-at-08.40.56-150x150.jpeg",150,150,true],"full":["https:\/\/laredlarioja.com.ar\/sitio\/wp-content\/uploads\/2026\/04\/WhatsApp-Image-2026-04-28-at-08.40.56.jpeg",1219,695,false]},"categories_names":{"94":{"name":"Locales","link":"https:\/\/laredlarioja.com.ar\/sitio\/categorias\/locales\/"}},"tags_names":[],"comments_number":"0","wpmagazine_modules_lite_featured_media_urls":{"thumbnail":["https:\/\/laredlarioja.com.ar\/sitio\/wp-content\/uploads\/2026\/04\/WhatsApp-Image-2026-04-28-at-08.40.56-150x150.jpeg",150,150,true],"cvmm-medium":["https:\/\/laredlarioja.com.ar\/sitio\/wp-content\/uploads\/2026\/04\/WhatsApp-Image-2026-04-28-at-08.40.56-300x300.jpeg",300,300,true],"cvmm-medium-plus":["https:\/\/laredlarioja.com.ar\/sitio\/wp-content\/uploads\/2026\/04\/WhatsApp-Image-2026-04-28-at-08.40.56-305x207.jpeg",305,207,true],"cvmm-portrait":["https:\/\/laredlarioja.com.ar\/sitio\/wp-content\/uploads\/2026\/04\/WhatsApp-Image-2026-04-28-at-08.40.56-400x600.jpeg",400,600,true],"cvmm-medium-square":["https:\/\/laredlarioja.com.ar\/sitio\/wp-content\/uploads\/2026\/04\/WhatsApp-Image-2026-04-28-at-08.40.56-600x600.jpeg",600,600,true],"cvmm-large":["https:\/\/laredlarioja.com.ar\/sitio\/wp-content\/uploads\/2026\/04\/WhatsApp-Image-2026-04-28-at-08.40.56-1024x695.jpeg",1024,695,true],"cvmm-small":["https:\/\/laredlarioja.com.ar\/sitio\/wp-content\/uploads\/2026\/04\/WhatsApp-Image-2026-04-28-at-08.40.56-130x95.jpeg",130,95,true],"full":["https:\/\/laredlarioja.com.ar\/sitio\/wp-content\/uploads\/2026\/04\/WhatsApp-Image-2026-04-28-at-08.40.56.jpeg",1219,695,false]},"_links":{"self":[{"href":"https:\/\/laredlarioja.com.ar\/sitio\/wp-json\/wp\/v2\/posts\/77614","targetHints":{"allow":["GET"]}}],"collection":[{"href":"https:\/\/laredlarioja.com.ar\/sitio\/wp-json\/wp\/v2\/posts"}],"about":[{"href":"https:\/\/laredlarioja.com.ar\/sitio\/wp-json\/wp\/v2\/types\/post"}],"author":[{"embeddable":true,"href":"https:\/\/laredlarioja.com.ar\/sitio\/wp-json\/wp\/v2\/users\/10"}],"replies":[{"embeddable":true,"href":"https:\/\/laredlarioja.com.ar\/sitio\/wp-json\/wp\/v2\/comments?post=77614"}],"version-history":[{"count":1,"href":"https:\/\/laredlarioja.com.ar\/sitio\/wp-json\/wp\/v2\/posts\/77614\/revisions"}],"predecessor-version":[{"id":77616,"href":"https:\/\/laredlarioja.com.ar\/sitio\/wp-json\/wp\/v2\/posts\/77614\/revisions\/77616"}],"wp:featuredmedia":[{"embeddable":true,"href":"https:\/\/laredlarioja.com.ar\/sitio\/wp-json\/wp\/v2\/media\/77615"}],"wp:attachment":[{"href":"https:\/\/laredlarioja.com.ar\/sitio\/wp-json\/wp\/v2\/media?parent=77614"}],"wp:term":[{"taxonomy":"category","embeddable":true,"href":"https:\/\/laredlarioja.com.ar\/sitio\/wp-json\/wp\/v2\/categories?post=77614"},{"taxonomy":"post_tag","embeddable":true,"href":"https:\/\/laredlarioja.com.ar\/sitio\/wp-json\/wp\/v2\/tags?post=77614"}],"curies":[{"name":"wp","href":"https:\/\/api.w.org\/{rel}","templated":true}]}}