{"id":77617,"date":"2026-04-28T13:58:08","date_gmt":"2026-04-28T13:58:08","guid":{"rendered":"https:\/\/laredlarioja.com.ar\/sitio\/?p=77617"},"modified":"2026-04-28T15:40:47","modified_gmt":"2026-04-28T15:40:47","slug":"la-mirada-de-estudiantes-sobre-las-amenazas-escolares-empieza-como-un-chiste-pero-no-lo-es","status":"publish","type":"post","link":"https:\/\/laredlarioja.com.ar\/sitio\/la-mirada-de-estudiantes-sobre-las-amenazas-escolares-empieza-como-un-chiste-pero-no-lo-es\/","title":{"rendered":"La mirada de estudiantes sobre las amenazas escolares: \u00abEmpieza como un chiste, pero no lo es\u00bb"},"content":{"rendered":"<h3 data-path-to-node=\"2\">Alumnos del Instituto Manuel Belgrano reflexionaron sobre la ola de intimidaciones p\u00fablicas, el bullying y la brecha digital con el mundo adulto. Advierten sobre el alto costo de los operativos policiales y la necesidad de mejorar la escucha por parte de docentes y padres.<\/h3>\n<p data-path-to-node=\"4\">\u00a0Mientras las autoridades provinciales avanzan en la implementaci\u00f3n de protocolos ante la ola de amenazas en establecimientos educativos, la palabra de los protagonistas directos del sistema \u2014los adolescentes\u2014 aporta una perspectiva necesaria. Estudiantes de cuarto y quinto a\u00f1o del <b data-path-to-node=\"4\" data-index-in-node=\"294\">Instituto Privado Manuel Belgrano<\/b> analizaron la problem\u00e1tica y se\u00f1alaron que, aunque en su instituci\u00f3n no se registraron incidentes, el fen\u00f3meno se ha vuelto una preocupante \u00abmoda\u00bb en el \u00e1mbito escolar.<\/p>\n<p data-path-to-node=\"5\"><b data-path-to-node=\"5\" data-index-in-node=\"0\">Marcos Chanampa<\/b> y <b data-path-to-node=\"5\" data-index-in-node=\"18\">Mar\u00eda Ju\u00e1rez<\/b>, voceros del grupo, coincidieron en que estas acciones, que suelen iniciarse como una broma pesada, tienen consecuencias reales. \u00abNo es tan chiste, sobre todo por el gasto que se genera en los operativos de seguridad\u00bb, explicaron. Para los j\u00f3venes, la prevenci\u00f3n en su colegio se basa en los valores inculcados por ser una \u00abEmbajada de Paz\u00bb, aunque reconocieron estar al tanto de hechos similares en instituciones como la Dante Alighieri o el IEP.<\/p>\n<p data-path-to-node=\"7\">Al abordar el acoso escolar y el ciberbullying, los estudiantes destacaron que el avance tecnol\u00f3gico es un \u00abarma de doble filo\u00bb. \u00abVemos un aumento considerado porque la tecnolog\u00eda, as\u00ed como beneficia, tambi\u00e9n perjudica. Se est\u00e1 apoderando poco a poco de la mente de los chicos\u00bb, reflexion\u00f3 Chanampa.<\/p>\n<p data-path-to-node=\"8\">Respecto al uso del celular en el aula, los alumnos se mostraron a favor de las restricciones recientes: \u00abNos est\u00e1n sacando los celulares en hora de clase y siento que es un buen acto. Se usan para cuestiones que est\u00e1n fuera de lo \u00e1ulico\u00bb.<\/p>\n<h3 data-path-to-node=\"9\">La falta de escucha del mundo adulto<\/h3>\n<p data-path-to-node=\"10\">Uno de los puntos m\u00e1s cr\u00edticos de la charla fue la percepci\u00f3n de una desconexi\u00f3n entre las adolescencias y los adultos (padres y docentes). Los estudiantes identificaron un \u00abproblema de escucha\u00bb en el sistema educativo general.<\/p>\n<ul data-path-to-node=\"11\">\n<li>\n<p data-path-to-node=\"11,0,0\"><b data-path-to-node=\"11,0,0\" data-index-in-node=\"0\">El rol docente:<\/b> \u00abHay escuelas donde los profesores a cargo de los grupos no se hacen cargo de lo que pasa. Nosotros tenemos f\u00e1cil acceso a los directivos, pero en instituciones grandes es muy complicado llegar a las autoridades\u00bb, se\u00f1alaron.<\/p>\n<\/li>\n<li>\n<p data-path-to-node=\"11,1,0\"><b data-path-to-node=\"11,1,0\" data-index-in-node=\"0\">El rol de los padres:<\/b> Los j\u00f3venes advirtieron que muchos progenitores desconocen la vida digital de sus hijos o, en casos de bullying, \u00abno deciden poner un l\u00edmite\u00bb.<\/p>\n<\/li>\n<li>\n<p data-path-to-node=\"11,2,0\"><b data-path-to-node=\"11,2,0\" data-index-in-node=\"0\">Brecha digital:<\/b> Mar\u00eda Ju\u00e1rez explic\u00f3 que existe una creencia instalada entre los j\u00f3venes de que los padres \u00abno entienden la tecnolog\u00eda y por eso no deben meterse\u00bb. Esto genera un mundo paralelo en las redes sociales que los adultos muchas veces no logran supervisar, afectando la autoestima y los v\u00ednculos de los adolescentes.<\/p>\n<\/li>\n<\/ul>\n<p data-path-to-node=\"12\">\n","protected":false},"excerpt":{"rendered":"<p>Alumnos del Instituto Manuel Belgrano reflexionaron sobre la ola de intimidaciones p\u00fablicas, el bullying y la brecha digital<\/p>\n","protected":false},"author":10,"featured_media":77618,"comment_status":"closed","ping_status":"open","sticky":false,"template":"","format":"standard","meta":{"footnotes":""},"categories":[94],"tags":[],"class_list":["post-77617","post","type-post","status-publish","format-standard","has-post-thumbnail","hentry","category-locales"],"yoast_head":"<!-- This site is optimized with the Yoast SEO plugin v27.4 - https:\/\/yoast.com\/product\/yoast-seo-wordpress\/ -->\n<title>La mirada de estudiantes sobre las amenazas escolares: &quot;Empieza como un chiste, pero no lo es&quot; - LA RED 88.3 LA RIOJA<\/title>\n<meta name=\"robots\" content=\"index, follow, max-snippet:-1, max-image-preview:large, max-video-preview:-1\" \/>\n<link rel=\"canonical\" href=\"https:\/\/laredlarioja.com.ar\/sitio\/la-mirada-de-estudiantes-sobre-las-amenazas-escolares-empieza-como-un-chiste-pero-no-lo-es\/\" \/>\n<meta property=\"og:locale\" content=\"es_ES\" \/>\n<meta property=\"og:type\" content=\"article\" \/>\n<meta property=\"og:title\" content=\"La mirada de estudiantes sobre las amenazas escolares: &quot;Empieza como un chiste, pero no lo es&quot; - LA RED 88.3 LA RIOJA\" \/>\n<meta property=\"og:description\" content=\"Alumnos del Instituto Manuel Belgrano reflexionaron sobre la ola de intimidaciones p\u00fablicas, el bullying y la brecha digital\" \/>\n<meta property=\"og:url\" content=\"https:\/\/laredlarioja.com.ar\/sitio\/la-mirada-de-estudiantes-sobre-las-amenazas-escolares-empieza-como-un-chiste-pero-no-lo-es\/\" \/>\n<meta property=\"og:site_name\" content=\"LA RED 88.3 LA RIOJA\" \/>\n<meta property=\"article:publisher\" content=\"https:\/\/www.facebook.com\/lared.larioja\" \/>\n<meta property=\"article:published_time\" content=\"2026-04-28T13:58:08+00:00\" \/>\n<meta property=\"article:modified_time\" content=\"2026-04-28T15:40:47+00:00\" \/>\n<meta property=\"og:image\" content=\"https:\/\/laredlarioja.com.ar\/sitio\/wp-content\/uploads\/2026\/04\/escuela-manuel-belgrano-e1693227191966-1200x545_c.jpg\" \/>\n\t<meta property=\"og:image:width\" content=\"1200\" \/>\n\t<meta property=\"og:image:height\" content=\"545\" \/>\n\t<meta property=\"og:image:type\" content=\"image\/jpeg\" \/>\n<meta name=\"author\" content=\"La Red\" \/>\n<meta name=\"twitter:card\" content=\"summary_large_image\" \/>\n<meta name=\"twitter:creator\" content=\"@laredlarioja1\" \/>\n<meta name=\"twitter:site\" content=\"@laredlarioja1\" \/>\n<meta name=\"twitter:label1\" content=\"Escrito por\" \/>\n\t<meta name=\"twitter:data1\" content=\"La Red\" \/>\n\t<meta name=\"twitter:label2\" content=\"Tiempo de lectura\" \/>\n\t<meta name=\"twitter:data2\" content=\"3 minutos\" \/>\n<script type=\"application\/ld+json\" class=\"yoast-schema-graph\">{\"@context\":\"https:\\\/\\\/schema.org\",\"@graph\":[{\"@type\":\"Article\",\"@id\":\"https:\\\/\\\/laredlarioja.com.ar\\\/sitio\\\/la-mirada-de-estudiantes-sobre-las-amenazas-escolares-empieza-como-un-chiste-pero-no-lo-es\\\/#article\",\"isPartOf\":{\"@id\":\"https:\\\/\\\/laredlarioja.com.ar\\\/sitio\\\/la-mirada-de-estudiantes-sobre-las-amenazas-escolares-empieza-como-un-chiste-pero-no-lo-es\\\/\"},\"author\":{\"name\":\"La Red\",\"@id\":\"https:\\\/\\\/laredlarioja.com.ar\\\/sitio\\\/#\\\/schema\\\/person\\\/f1e213867beccedaaa4fb548d9259d9a\"},\"headline\":\"La mirada de estudiantes sobre las amenazas escolares: \u00abEmpieza como un chiste, pero no lo es\u00bb\",\"datePublished\":\"2026-04-28T13:58:08+00:00\",\"dateModified\":\"2026-04-28T15:40:47+00:00\",\"mainEntityOfPage\":{\"@id\":\"https:\\\/\\\/laredlarioja.com.ar\\\/sitio\\\/la-mirada-de-estudiantes-sobre-las-amenazas-escolares-empieza-como-un-chiste-pero-no-lo-es\\\/\"},\"wordCount\":491,\"publisher\":{\"@id\":\"https:\\\/\\\/laredlarioja.com.ar\\\/sitio\\\/#organization\"},\"image\":{\"@id\":\"https:\\\/\\\/laredlarioja.com.ar\\\/sitio\\\/la-mirada-de-estudiantes-sobre-las-amenazas-escolares-empieza-como-un-chiste-pero-no-lo-es\\\/#primaryimage\"},\"thumbnailUrl\":\"https:\\\/\\\/laredlarioja.com.ar\\\/sitio\\\/wp-content\\\/uploads\\\/2026\\\/04\\\/escuela-manuel-belgrano-e1693227191966-1200x545_c.jpg\",\"articleSection\":[\"Locales\"],\"inLanguage\":\"es\"},{\"@type\":\"WebPage\",\"@id\":\"https:\\\/\\\/laredlarioja.com.ar\\\/sitio\\\/la-mirada-de-estudiantes-sobre-las-amenazas-escolares-empieza-como-un-chiste-pero-no-lo-es\\\/\",\"url\":\"https:\\\/\\\/laredlarioja.com.ar\\\/sitio\\\/la-mirada-de-estudiantes-sobre-las-amenazas-escolares-empieza-como-un-chiste-pero-no-lo-es\\\/\",\"name\":\"La mirada de estudiantes sobre las amenazas escolares: \\\"Empieza como un chiste, pero no lo es\\\" - LA RED 88.3 LA RIOJA\",\"isPartOf\":{\"@id\":\"https:\\\/\\\/laredlarioja.com.ar\\\/sitio\\\/#website\"},\"primaryImageOfPage\":{\"@id\":\"https:\\\/\\\/laredlarioja.com.ar\\\/sitio\\\/la-mirada-de-estudiantes-sobre-las-amenazas-escolares-empieza-como-un-chiste-pero-no-lo-es\\\/#primaryimage\"},\"image\":{\"@id\":\"https:\\\/\\\/laredlarioja.com.ar\\\/sitio\\\/la-mirada-de-estudiantes-sobre-las-amenazas-escolares-empieza-como-un-chiste-pero-no-lo-es\\\/#primaryimage\"},\"thumbnailUrl\":\"https:\\\/\\\/laredlarioja.com.ar\\\/sitio\\\/wp-content\\\/uploads\\\/2026\\\/04\\\/escuela-manuel-belgrano-e1693227191966-1200x545_c.jpg\",\"datePublished\":\"2026-04-28T13:58:08+00:00\",\"dateModified\":\"2026-04-28T15:40:47+00:00\",\"breadcrumb\":{\"@id\":\"https:\\\/\\\/laredlarioja.com.ar\\\/sitio\\\/la-mirada-de-estudiantes-sobre-las-amenazas-escolares-empieza-como-un-chiste-pero-no-lo-es\\\/#breadcrumb\"},\"inLanguage\":\"es\",\"potentialAction\":[{\"@type\":\"ReadAction\",\"target\":[\"https:\\\/\\\/laredlarioja.com.ar\\\/sitio\\\/la-mirada-de-estudiantes-sobre-las-amenazas-escolares-empieza-como-un-chiste-pero-no-lo-es\\\/\"]}]},{\"@type\":\"ImageObject\",\"inLanguage\":\"es\",\"@id\":\"https:\\\/\\\/laredlarioja.com.ar\\\/sitio\\\/la-mirada-de-estudiantes-sobre-las-amenazas-escolares-empieza-como-un-chiste-pero-no-lo-es\\\/#primaryimage\",\"url\":\"https:\\\/\\\/laredlarioja.com.ar\\\/sitio\\\/wp-content\\\/uploads\\\/2026\\\/04\\\/escuela-manuel-belgrano-e1693227191966-1200x545_c.jpg\",\"contentUrl\":\"https:\\\/\\\/laredlarioja.com.ar\\\/sitio\\\/wp-content\\\/uploads\\\/2026\\\/04\\\/escuela-manuel-belgrano-e1693227191966-1200x545_c.jpg\",\"width\":1200,\"height\":545},{\"@type\":\"BreadcrumbList\",\"@id\":\"https:\\\/\\\/laredlarioja.com.ar\\\/sitio\\\/la-mirada-de-estudiantes-sobre-las-amenazas-escolares-empieza-como-un-chiste-pero-no-lo-es\\\/#breadcrumb\",\"itemListElement\":[{\"@type\":\"ListItem\",\"position\":1,\"name\":\"Portada\",\"item\":\"https:\\\/\\\/laredlarioja.com.ar\\\/sitio\\\/\"},{\"@type\":\"ListItem\",\"position\":2,\"name\":\"La mirada de estudiantes sobre las amenazas escolares: \u00abEmpieza como un chiste, pero no lo es\u00bb\"}]},{\"@type\":\"WebSite\",\"@id\":\"https:\\\/\\\/laredlarioja.com.ar\\\/sitio\\\/#website\",\"url\":\"https:\\\/\\\/laredlarioja.com.ar\\\/sitio\\\/\",\"name\":\"LA RED 88.3 LA RIOJA\",\"description\":\"Sitio de Noticias\",\"publisher\":{\"@id\":\"https:\\\/\\\/laredlarioja.com.ar\\\/sitio\\\/#organization\"},\"potentialAction\":[{\"@type\":\"SearchAction\",\"target\":{\"@type\":\"EntryPoint\",\"urlTemplate\":\"https:\\\/\\\/laredlarioja.com.ar\\\/sitio\\\/?s={search_term_string}\"},\"query-input\":{\"@type\":\"PropertyValueSpecification\",\"valueRequired\":true,\"valueName\":\"search_term_string\"}}],\"inLanguage\":\"es\"},{\"@type\":\"Organization\",\"@id\":\"https:\\\/\\\/laredlarioja.com.ar\\\/sitio\\\/#organization\",\"name\":\"LA RED 88.3 LA RIOJA\",\"url\":\"https:\\\/\\\/laredlarioja.com.ar\\\/sitio\\\/\",\"logo\":{\"@type\":\"ImageObject\",\"inLanguage\":\"es\",\"@id\":\"https:\\\/\\\/laredlarioja.com.ar\\\/sitio\\\/#\\\/schema\\\/logo\\\/image\\\/\",\"url\":\"https:\\\/\\\/laredlarioja.com.ar\\\/sitio\\\/wp-content\\\/uploads\\\/2025\\\/05\\\/LOGO-LA-RED.png\",\"contentUrl\":\"https:\\\/\\\/laredlarioja.com.ar\\\/sitio\\\/wp-content\\\/uploads\\\/2025\\\/05\\\/LOGO-LA-RED.png\",\"width\":193,\"height\":340,\"caption\":\"LA RED 88.3 LA RIOJA\"},\"image\":{\"@id\":\"https:\\\/\\\/laredlarioja.com.ar\\\/sitio\\\/#\\\/schema\\\/logo\\\/image\\\/\"},\"sameAs\":[\"https:\\\/\\\/www.facebook.com\\\/lared.larioja\",\"https:\\\/\\\/x.com\\\/laredlarioja1\",\"https:\\\/\\\/www.instagram.com\\\/lared_larioja\\\/\"]},{\"@type\":\"Person\",\"@id\":\"https:\\\/\\\/laredlarioja.com.ar\\\/sitio\\\/#\\\/schema\\\/person\\\/f1e213867beccedaaa4fb548d9259d9a\",\"name\":\"La Red\",\"url\":\"https:\\\/\\\/laredlarioja.com.ar\\\/sitio\\\/author\\\/lared\\\/\"}]}<\/script>\n<!-- \/ Yoast SEO plugin. -->","yoast_head_json":{"title":"La mirada de estudiantes sobre las amenazas escolares: \"Empieza como un chiste, pero no lo es\" - LA RED 88.3 LA RIOJA","robots":{"index":"index","follow":"follow","max-snippet":"max-snippet:-1","max-image-preview":"max-image-preview:large","max-video-preview":"max-video-preview:-1"},"canonical":"https:\/\/laredlarioja.com.ar\/sitio\/la-mirada-de-estudiantes-sobre-las-amenazas-escolares-empieza-como-un-chiste-pero-no-lo-es\/","og_locale":"es_ES","og_type":"article","og_title":"La mirada de estudiantes sobre las amenazas escolares: \"Empieza como un chiste, pero no lo es\" - LA RED 88.3 LA RIOJA","og_description":"Alumnos del Instituto Manuel Belgrano reflexionaron sobre la ola de intimidaciones p\u00fablicas, el bullying y la brecha digital","og_url":"https:\/\/laredlarioja.com.ar\/sitio\/la-mirada-de-estudiantes-sobre-las-amenazas-escolares-empieza-como-un-chiste-pero-no-lo-es\/","og_site_name":"LA RED 88.3 LA RIOJA","article_publisher":"https:\/\/www.facebook.com\/lared.larioja","article_published_time":"2026-04-28T13:58:08+00:00","article_modified_time":"2026-04-28T15:40:47+00:00","og_image":[{"width":1200,"height":545,"url":"https:\/\/laredlarioja.com.ar\/sitio\/wp-content\/uploads\/2026\/04\/escuela-manuel-belgrano-e1693227191966-1200x545_c.jpg","type":"image\/jpeg"}],"author":"La Red","twitter_card":"summary_large_image","twitter_creator":"@laredlarioja1","twitter_site":"@laredlarioja1","twitter_misc":{"Escrito por":"La Red","Tiempo de lectura":"3 minutos"},"schema":{"@context":"https:\/\/schema.org","@graph":[{"@type":"Article","@id":"https:\/\/laredlarioja.com.ar\/sitio\/la-mirada-de-estudiantes-sobre-las-amenazas-escolares-empieza-como-un-chiste-pero-no-lo-es\/#article","isPartOf":{"@id":"https:\/\/laredlarioja.com.ar\/sitio\/la-mirada-de-estudiantes-sobre-las-amenazas-escolares-empieza-como-un-chiste-pero-no-lo-es\/"},"author":{"name":"La Red","@id":"https:\/\/laredlarioja.com.ar\/sitio\/#\/schema\/person\/f1e213867beccedaaa4fb548d9259d9a"},"headline":"La mirada de estudiantes sobre las amenazas escolares: \u00abEmpieza como un chiste, pero no lo es\u00bb","datePublished":"2026-04-28T13:58:08+00:00","dateModified":"2026-04-28T15:40:47+00:00","mainEntityOfPage":{"@id":"https:\/\/laredlarioja.com.ar\/sitio\/la-mirada-de-estudiantes-sobre-las-amenazas-escolares-empieza-como-un-chiste-pero-no-lo-es\/"},"wordCount":491,"publisher":{"@id":"https:\/\/laredlarioja.com.ar\/sitio\/#organization"},"image":{"@id":"https:\/\/laredlarioja.com.ar\/sitio\/la-mirada-de-estudiantes-sobre-las-amenazas-escolares-empieza-como-un-chiste-pero-no-lo-es\/#primaryimage"},"thumbnailUrl":"https:\/\/laredlarioja.com.ar\/sitio\/wp-content\/uploads\/2026\/04\/escuela-manuel-belgrano-e1693227191966-1200x545_c.jpg","articleSection":["Locales"],"inLanguage":"es"},{"@type":"WebPage","@id":"https:\/\/laredlarioja.com.ar\/sitio\/la-mirada-de-estudiantes-sobre-las-amenazas-escolares-empieza-como-un-chiste-pero-no-lo-es\/","url":"https:\/\/laredlarioja.com.ar\/sitio\/la-mirada-de-estudiantes-sobre-las-amenazas-escolares-empieza-como-un-chiste-pero-no-lo-es\/","name":"La mirada de estudiantes sobre las amenazas escolares: \"Empieza como un chiste, pero no lo es\" - LA RED 88.3 LA RIOJA","isPartOf":{"@id":"https:\/\/laredlarioja.com.ar\/sitio\/#website"},"primaryImageOfPage":{"@id":"https:\/\/laredlarioja.com.ar\/sitio\/la-mirada-de-estudiantes-sobre-las-amenazas-escolares-empieza-como-un-chiste-pero-no-lo-es\/#primaryimage"},"image":{"@id":"https:\/\/laredlarioja.com.ar\/sitio\/la-mirada-de-estudiantes-sobre-las-amenazas-escolares-empieza-como-un-chiste-pero-no-lo-es\/#primaryimage"},"thumbnailUrl":"https:\/\/laredlarioja.com.ar\/sitio\/wp-content\/uploads\/2026\/04\/escuela-manuel-belgrano-e1693227191966-1200x545_c.jpg","datePublished":"2026-04-28T13:58:08+00:00","dateModified":"2026-04-28T15:40:47+00:00","breadcrumb":{"@id":"https:\/\/laredlarioja.com.ar\/sitio\/la-mirada-de-estudiantes-sobre-las-amenazas-escolares-empieza-como-un-chiste-pero-no-lo-es\/#breadcrumb"},"inLanguage":"es","potentialAction":[{"@type":"ReadAction","target":["https:\/\/laredlarioja.com.ar\/sitio\/la-mirada-de-estudiantes-sobre-las-amenazas-escolares-empieza-como-un-chiste-pero-no-lo-es\/"]}]},{"@type":"ImageObject","inLanguage":"es","@id":"https:\/\/laredlarioja.com.ar\/sitio\/la-mirada-de-estudiantes-sobre-las-amenazas-escolares-empieza-como-un-chiste-pero-no-lo-es\/#primaryimage","url":"https:\/\/laredlarioja.com.ar\/sitio\/wp-content\/uploads\/2026\/04\/escuela-manuel-belgrano-e1693227191966-1200x545_c.jpg","contentUrl":"https:\/\/laredlarioja.com.ar\/sitio\/wp-content\/uploads\/2026\/04\/escuela-manuel-belgrano-e1693227191966-1200x545_c.jpg","width":1200,"height":545},{"@type":"BreadcrumbList","@id":"https:\/\/laredlarioja.com.ar\/sitio\/la-mirada-de-estudiantes-sobre-las-amenazas-escolares-empieza-como-un-chiste-pero-no-lo-es\/#breadcrumb","itemListElement":[{"@type":"ListItem","position":1,"name":"Portada","item":"https:\/\/laredlarioja.com.ar\/sitio\/"},{"@type":"ListItem","position":2,"name":"La mirada de estudiantes sobre las amenazas escolares: \u00abEmpieza como un chiste, pero no lo es\u00bb"}]},{"@type":"WebSite","@id":"https:\/\/laredlarioja.com.ar\/sitio\/#website","url":"https:\/\/laredlarioja.com.ar\/sitio\/","name":"LA RED 88.3 LA RIOJA","description":"Sitio de Noticias","publisher":{"@id":"https:\/\/laredlarioja.com.ar\/sitio\/#organization"},"potentialAction":[{"@type":"SearchAction","target":{"@type":"EntryPoint","urlTemplate":"https:\/\/laredlarioja.com.ar\/sitio\/?s={search_term_string}"},"query-input":{"@type":"PropertyValueSpecification","valueRequired":true,"valueName":"search_term_string"}}],"inLanguage":"es"},{"@type":"Organization","@id":"https:\/\/laredlarioja.com.ar\/sitio\/#organization","name":"LA RED 88.3 LA RIOJA","url":"https:\/\/laredlarioja.com.ar\/sitio\/","logo":{"@type":"ImageObject","inLanguage":"es","@id":"https:\/\/laredlarioja.com.ar\/sitio\/#\/schema\/logo\/image\/","url":"https:\/\/laredlarioja.com.ar\/sitio\/wp-content\/uploads\/2025\/05\/LOGO-LA-RED.png","contentUrl":"https:\/\/laredlarioja.com.ar\/sitio\/wp-content\/uploads\/2025\/05\/LOGO-LA-RED.png","width":193,"height":340,"caption":"LA RED 88.3 LA RIOJA"},"image":{"@id":"https:\/\/laredlarioja.com.ar\/sitio\/#\/schema\/logo\/image\/"},"sameAs":["https:\/\/www.facebook.com\/lared.larioja","https:\/\/x.com\/laredlarioja1","https:\/\/www.instagram.com\/lared_larioja\/"]},{"@type":"Person","@id":"https:\/\/laredlarioja.com.ar\/sitio\/#\/schema\/person\/f1e213867beccedaaa4fb548d9259d9a","name":"La Red","url":"https:\/\/laredlarioja.com.ar\/sitio\/author\/lared\/"}]}},"featured_image_urls":{"full":["https:\/\/laredlarioja.com.ar\/sitio\/wp-content\/uploads\/2026\/04\/escuela-manuel-belgrano-e1693227191966-1200x545_c.jpg",1200,545,false],"thumbnail":["https:\/\/laredlarioja.com.ar\/sitio\/wp-content\/uploads\/2026\/04\/escuela-manuel-belgrano-e1693227191966-1200x545_c-150x150.jpg",150,150,true],"medium":["https:\/\/laredlarioja.com.ar\/sitio\/wp-content\/uploads\/2026\/04\/escuela-manuel-belgrano-e1693227191966-1200x545_c-300x136.jpg",300,136,true],"medium_large":["https:\/\/laredlarioja.com.ar\/sitio\/wp-content\/uploads\/2026\/04\/escuela-manuel-belgrano-e1693227191966-1200x545_c-768x349.jpg",640,291,true],"large":["https:\/\/laredlarioja.com.ar\/sitio\/wp-content\/uploads\/2026\/04\/escuela-manuel-belgrano-e1693227191966-1200x545_c-1024x465.jpg",640,291,true],"1536x1536":["https:\/\/laredlarioja.com.ar\/sitio\/wp-content\/uploads\/2026\/04\/escuela-manuel-belgrano-e1693227191966-1200x545_c.jpg",1200,545,false],"2048x2048":["https:\/\/laredlarioja.com.ar\/sitio\/wp-content\/uploads\/2026\/04\/escuela-manuel-belgrano-e1693227191966-1200x545_c.jpg",1200,545,false],"cvmm-medium":["https:\/\/laredlarioja.com.ar\/sitio\/wp-content\/uploads\/2026\/04\/escuela-manuel-belgrano-e1693227191966-1200x545_c-300x300.jpg",300,300,true],"cvmm-medium-plus":["https:\/\/laredlarioja.com.ar\/sitio\/wp-content\/uploads\/2026\/04\/escuela-manuel-belgrano-e1693227191966-1200x545_c-305x207.jpg",305,207,true],"cvmm-portrait":["https:\/\/laredlarioja.com.ar\/sitio\/wp-content\/uploads\/2026\/04\/escuela-manuel-belgrano-e1693227191966-1200x545_c-400x545.jpg",400,545,true],"cvmm-medium-square":["https:\/\/laredlarioja.com.ar\/sitio\/wp-content\/uploads\/2026\/04\/escuela-manuel-belgrano-e1693227191966-1200x545_c-600x545.jpg",600,545,true],"cvmm-large":["https:\/\/laredlarioja.com.ar\/sitio\/wp-content\/uploads\/2026\/04\/escuela-manuel-belgrano-e1693227191966-1200x545_c-1024x545.jpg",1024,545,true],"cvmm-small":["https:\/\/laredlarioja.com.ar\/sitio\/wp-content\/uploads\/2026\/04\/escuela-manuel-belgrano-e1693227191966-1200x545_c-130x95.jpg",130,95,true],"morenews-large":["https:\/\/laredlarioja.com.ar\/sitio\/wp-content\/uploads\/2026\/04\/escuela-manuel-belgrano-e1693227191966-1200x545_c-825x545.jpg",825,545,true],"morenews-medium":["https:\/\/laredlarioja.com.ar\/sitio\/wp-content\/uploads\/2026\/04\/escuela-manuel-belgrano-e1693227191966-1200x545_c-590x410.jpg",590,410,true]},"author_info":{"display_name":"La Red","author_link":"https:\/\/laredlarioja.com.ar\/sitio\/author\/lared\/"},"category_info":"<a href=\"https:\/\/laredlarioja.com.ar\/sitio\/categorias\/locales\/\" rel=\"category tag\">Locales<\/a>","tag_info":"Locales","comment_count":"0","blog_post_layout_featured_media_urls":{"thumbnail":["https:\/\/laredlarioja.com.ar\/sitio\/wp-content\/uploads\/2026\/04\/escuela-manuel-belgrano-e1693227191966-1200x545_c-150x150.jpg",150,150,true],"full":["https:\/\/laredlarioja.com.ar\/sitio\/wp-content\/uploads\/2026\/04\/escuela-manuel-belgrano-e1693227191966-1200x545_c.jpg",1200,545,false]},"categories_names":{"94":{"name":"Locales","link":"https:\/\/laredlarioja.com.ar\/sitio\/categorias\/locales\/"}},"tags_names":[],"comments_number":"0","wpmagazine_modules_lite_featured_media_urls":{"thumbnail":["https:\/\/laredlarioja.com.ar\/sitio\/wp-content\/uploads\/2026\/04\/escuela-manuel-belgrano-e1693227191966-1200x545_c-150x150.jpg",150,150,true],"cvmm-medium":["https:\/\/laredlarioja.com.ar\/sitio\/wp-content\/uploads\/2026\/04\/escuela-manuel-belgrano-e1693227191966-1200x545_c-300x300.jpg",300,300,true],"cvmm-medium-plus":["https:\/\/laredlarioja.com.ar\/sitio\/wp-content\/uploads\/2026\/04\/escuela-manuel-belgrano-e1693227191966-1200x545_c-305x207.jpg",305,207,true],"cvmm-portrait":["https:\/\/laredlarioja.com.ar\/sitio\/wp-content\/uploads\/2026\/04\/escuela-manuel-belgrano-e1693227191966-1200x545_c-400x545.jpg",400,545,true],"cvmm-medium-square":["https:\/\/laredlarioja.com.ar\/sitio\/wp-content\/uploads\/2026\/04\/escuela-manuel-belgrano-e1693227191966-1200x545_c-600x545.jpg",600,545,true],"cvmm-large":["https:\/\/laredlarioja.com.ar\/sitio\/wp-content\/uploads\/2026\/04\/escuela-manuel-belgrano-e1693227191966-1200x545_c-1024x545.jpg",1024,545,true],"cvmm-small":["https:\/\/laredlarioja.com.ar\/sitio\/wp-content\/uploads\/2026\/04\/escuela-manuel-belgrano-e1693227191966-1200x545_c-130x95.jpg",130,95,true],"full":["https:\/\/laredlarioja.com.ar\/sitio\/wp-content\/uploads\/2026\/04\/escuela-manuel-belgrano-e1693227191966-1200x545_c.jpg",1200,545,false]},"_links":{"self":[{"href":"https:\/\/laredlarioja.com.ar\/sitio\/wp-json\/wp\/v2\/posts\/77617","targetHints":{"allow":["GET"]}}],"collection":[{"href":"https:\/\/laredlarioja.com.ar\/sitio\/wp-json\/wp\/v2\/posts"}],"about":[{"href":"https:\/\/laredlarioja.com.ar\/sitio\/wp-json\/wp\/v2\/types\/post"}],"author":[{"embeddable":true,"href":"https:\/\/laredlarioja.com.ar\/sitio\/wp-json\/wp\/v2\/users\/10"}],"replies":[{"embeddable":true,"href":"https:\/\/laredlarioja.com.ar\/sitio\/wp-json\/wp\/v2\/comments?post=77617"}],"version-history":[{"count":1,"href":"https:\/\/laredlarioja.com.ar\/sitio\/wp-json\/wp\/v2\/posts\/77617\/revisions"}],"predecessor-version":[{"id":77619,"href":"https:\/\/laredlarioja.com.ar\/sitio\/wp-json\/wp\/v2\/posts\/77617\/revisions\/77619"}],"wp:featuredmedia":[{"embeddable":true,"href":"https:\/\/laredlarioja.com.ar\/sitio\/wp-json\/wp\/v2\/media\/77618"}],"wp:attachment":[{"href":"https:\/\/laredlarioja.com.ar\/sitio\/wp-json\/wp\/v2\/media?parent=77617"}],"wp:term":[{"taxonomy":"category","embeddable":true,"href":"https:\/\/laredlarioja.com.ar\/sitio\/wp-json\/wp\/v2\/categories?post=77617"},{"taxonomy":"post_tag","embeddable":true,"href":"https:\/\/laredlarioja.com.ar\/sitio\/wp-json\/wp\/v2\/tags?post=77617"}],"curies":[{"name":"wp","href":"https:\/\/api.w.org\/{rel}","templated":true}]}}