{"id":77630,"date":"2026-04-28T23:05:19","date_gmt":"2026-04-28T23:05:19","guid":{"rendered":"https:\/\/laredlarioja.com.ar\/sitio\/?p=77630"},"modified":"2026-04-28T23:05:19","modified_gmt":"2026-04-28T23:05:19","slug":"la-justicia-de-san-juan-habilito-la-continuidad-operativa-del-proyecto-vicuna","status":"publish","type":"post","link":"https:\/\/laredlarioja.com.ar\/sitio\/la-justicia-de-san-juan-habilito-la-continuidad-operativa-del-proyecto-vicuna\/","title":{"rendered":"la Justicia de San Juan habilit\u00f3 la continuidad operativa del Proyecto Vicu\u00f1a"},"content":{"rendered":"<p><strong>La\u00a0Justicia\u00a0de San Juan resolvi\u00f3 este martes habilitar la continuidad de las operaciones del Proyecto Vicu\u00f1a<\/strong>\u00a0tras hacer lugar a una medida cautelar presentada por la empresa, en el marco de<strong>\u00a0un conflicto originado por disposiciones adoptadas en la provincia de La Rioja<\/strong>.<\/p>\n<article class=\"article-body article-body--second-paragraph\">\n<p id=\"p-1777405247543-93884\">Seg\u00fan se inform\u00f3 en un\u00a0<strong>comunicado oficial fechado el 28 de abril de 2026,\u00a0la compa\u00f1\u00eda hab\u00eda sido notificada previamente de una resoluci\u00f3n judicial riojana\u00a0que establec\u00eda restricciones al tr\u00e1nsito por una ruta provincial y la suspensi\u00f3n de actividades vinculadas al proyecto minero.\u00a0<\/strong>Frente a este escenario, el equipo legal de la firma avanz\u00f3 con una presentaci\u00f3n ante los tribunales sanjuaninos.<\/p>\n<\/article>\n<article class=\"article-body article-body--third-paragraph\">\n<p id=\"p-1777405247543-69204\"><strong>La respuesta judicial fue favorable: un juzgado de primera instancia con competencia multifuero de la Segunda Circunscripci\u00f3n Judicial dict\u00f3 una medida precautoria que garantiza la continuidad operativa del proyecto.\u00a0<\/strong>En concreto, la resoluci\u00f3n establece que ning\u00fan tercero, ya sea p\u00fablico o privado \u2014con excepci\u00f3n de las autoridades de San Juan\u2014, podr\u00e1 obstaculizar o suspender las actividades.<\/p>\n<\/article>\n<article class=\"article-body article-body--fourth-paragraph\">\n<p id=\"p-1777405247543-92761\">El fallo se apoya en que\u00a0<strong>el Proyecto Vicu\u00f1a cuenta con la habilitaci\u00f3n correspondiente del Ministerio de Miner\u00eda de San Juan,<\/strong>\u00a0autoridad de aplicaci\u00f3n en la materia. En ese sentido, la Justicia provincial respald\u00f3 la validez de esa autorizaci\u00f3n y resguard\u00f3 el normal desarrollo de las tareas.<\/p>\n<\/article>\n<a href=\"https:\/\/laredlarioja.com.ar\/sitio\/wp-content\/uploads\/2026\/04\/Comunicado-de-Prensa-Justicia-de-San-Juan-habilita-continuidad-de-operaciones-del-Proyecto-Vicuna.pdf\" class=\"pdfemb-viewer\" style=\"\" data-width=\"max\" data-height=\"max\" data-toolbar=\"bottom\" data-toolbar-fixed=\"off\">Comunicado de Prensa - Justicia de San Juan habilita continuidad de operaciones del Proyecto Vicu\u00f1a<\/a>\n","protected":false},"excerpt":{"rendered":"<p>La\u00a0Justicia\u00a0de San Juan resolvi\u00f3 este martes habilitar la continuidad de las operaciones del Proyecto Vicu\u00f1a\u00a0tras hacer lugar a<\/p>\n","protected":false},"author":10,"featured_media":77148,"comment_status":"closed","ping_status":"open","sticky":false,"template":"","format":"standard","meta":{"footnotes":""},"categories":[100],"tags":[],"class_list":["post-77630","post","type-post","status-publish","format-standard","has-post-thumbnail","hentry","category-tapa"],"yoast_head":"<!-- This site is optimized with the Yoast SEO plugin v27.4 - https:\/\/yoast.com\/product\/yoast-seo-wordpress\/ -->\n<title>la Justicia de San Juan habilit\u00f3 la continuidad operativa del Proyecto Vicu\u00f1a - LA RED 88.3 LA RIOJA<\/title>\n<meta name=\"robots\" content=\"index, follow, max-snippet:-1, max-image-preview:large, max-video-preview:-1\" \/>\n<link rel=\"canonical\" href=\"https:\/\/laredlarioja.com.ar\/sitio\/la-justicia-de-san-juan-habilito-la-continuidad-operativa-del-proyecto-vicuna\/\" \/>\n<meta property=\"og:locale\" content=\"es_ES\" \/>\n<meta property=\"og:type\" content=\"article\" \/>\n<meta property=\"og:title\" content=\"la Justicia de San Juan habilit\u00f3 la continuidad operativa del Proyecto Vicu\u00f1a - LA RED 88.3 LA RIOJA\" \/>\n<meta property=\"og:description\" content=\"La\u00a0Justicia\u00a0de San Juan resolvi\u00f3 este martes habilitar la continuidad de las operaciones del Proyecto Vicu\u00f1a\u00a0tras hacer lugar a\" \/>\n<meta property=\"og:url\" content=\"https:\/\/laredlarioja.com.ar\/sitio\/la-justicia-de-san-juan-habilito-la-continuidad-operativa-del-proyecto-vicuna\/\" \/>\n<meta property=\"og:site_name\" content=\"LA RED 88.3 LA RIOJA\" \/>\n<meta property=\"article:publisher\" content=\"https:\/\/www.facebook.com\/lared.larioja\" \/>\n<meta property=\"article:published_time\" content=\"2026-04-28T23:05:19+00:00\" \/>\n<meta property=\"og:image\" content=\"https:\/\/laredlarioja.com.ar\/sitio\/wp-content\/uploads\/2026\/04\/Vicuna.jpg\" \/>\n\t<meta property=\"og:image:width\" content=\"1611\" \/>\n\t<meta property=\"og:image:height\" content=\"873\" \/>\n\t<meta property=\"og:image:type\" content=\"image\/jpeg\" \/>\n<meta name=\"author\" content=\"La Red\" \/>\n<meta name=\"twitter:card\" content=\"summary_large_image\" \/>\n<meta name=\"twitter:creator\" content=\"@laredlarioja1\" \/>\n<meta name=\"twitter:site\" content=\"@laredlarioja1\" \/>\n<meta name=\"twitter:label1\" content=\"Escrito por\" \/>\n\t<meta name=\"twitter:data1\" content=\"La Red\" \/>\n\t<meta name=\"twitter:label2\" content=\"Tiempo de lectura\" \/>\n\t<meta name=\"twitter:data2\" content=\"2 minutos\" \/>\n<script type=\"application\/ld+json\" class=\"yoast-schema-graph\">{\"@context\":\"https:\\\/\\\/schema.org\",\"@graph\":[{\"@type\":\"Article\",\"@id\":\"https:\\\/\\\/laredlarioja.com.ar\\\/sitio\\\/la-justicia-de-san-juan-habilito-la-continuidad-operativa-del-proyecto-vicuna\\\/#article\",\"isPartOf\":{\"@id\":\"https:\\\/\\\/laredlarioja.com.ar\\\/sitio\\\/la-justicia-de-san-juan-habilito-la-continuidad-operativa-del-proyecto-vicuna\\\/\"},\"author\":{\"name\":\"La Red\",\"@id\":\"https:\\\/\\\/laredlarioja.com.ar\\\/sitio\\\/#\\\/schema\\\/person\\\/f1e213867beccedaaa4fb548d9259d9a\"},\"headline\":\"la Justicia de San Juan habilit\u00f3 la continuidad operativa del Proyecto Vicu\u00f1a\",\"datePublished\":\"2026-04-28T23:05:19+00:00\",\"mainEntityOfPage\":{\"@id\":\"https:\\\/\\\/laredlarioja.com.ar\\\/sitio\\\/la-justicia-de-san-juan-habilito-la-continuidad-operativa-del-proyecto-vicuna\\\/\"},\"wordCount\":266,\"publisher\":{\"@id\":\"https:\\\/\\\/laredlarioja.com.ar\\\/sitio\\\/#organization\"},\"image\":{\"@id\":\"https:\\\/\\\/laredlarioja.com.ar\\\/sitio\\\/la-justicia-de-san-juan-habilito-la-continuidad-operativa-del-proyecto-vicuna\\\/#primaryimage\"},\"thumbnailUrl\":\"https:\\\/\\\/laredlarioja.com.ar\\\/sitio\\\/wp-content\\\/uploads\\\/2026\\\/04\\\/Vicuna.jpg\",\"articleSection\":[\"Tapa\"],\"inLanguage\":\"es\"},{\"@type\":\"WebPage\",\"@id\":\"https:\\\/\\\/laredlarioja.com.ar\\\/sitio\\\/la-justicia-de-san-juan-habilito-la-continuidad-operativa-del-proyecto-vicuna\\\/\",\"url\":\"https:\\\/\\\/laredlarioja.com.ar\\\/sitio\\\/la-justicia-de-san-juan-habilito-la-continuidad-operativa-del-proyecto-vicuna\\\/\",\"name\":\"la Justicia de San Juan habilit\u00f3 la continuidad operativa del Proyecto Vicu\u00f1a - LA RED 88.3 LA RIOJA\",\"isPartOf\":{\"@id\":\"https:\\\/\\\/laredlarioja.com.ar\\\/sitio\\\/#website\"},\"primaryImageOfPage\":{\"@id\":\"https:\\\/\\\/laredlarioja.com.ar\\\/sitio\\\/la-justicia-de-san-juan-habilito-la-continuidad-operativa-del-proyecto-vicuna\\\/#primaryimage\"},\"image\":{\"@id\":\"https:\\\/\\\/laredlarioja.com.ar\\\/sitio\\\/la-justicia-de-san-juan-habilito-la-continuidad-operativa-del-proyecto-vicuna\\\/#primaryimage\"},\"thumbnailUrl\":\"https:\\\/\\\/laredlarioja.com.ar\\\/sitio\\\/wp-content\\\/uploads\\\/2026\\\/04\\\/Vicuna.jpg\",\"datePublished\":\"2026-04-28T23:05:19+00:00\",\"breadcrumb\":{\"@id\":\"https:\\\/\\\/laredlarioja.com.ar\\\/sitio\\\/la-justicia-de-san-juan-habilito-la-continuidad-operativa-del-proyecto-vicuna\\\/#breadcrumb\"},\"inLanguage\":\"es\",\"potentialAction\":[{\"@type\":\"ReadAction\",\"target\":[\"https:\\\/\\\/laredlarioja.com.ar\\\/sitio\\\/la-justicia-de-san-juan-habilito-la-continuidad-operativa-del-proyecto-vicuna\\\/\"]}]},{\"@type\":\"ImageObject\",\"inLanguage\":\"es\",\"@id\":\"https:\\\/\\\/laredlarioja.com.ar\\\/sitio\\\/la-justicia-de-san-juan-habilito-la-continuidad-operativa-del-proyecto-vicuna\\\/#primaryimage\",\"url\":\"https:\\\/\\\/laredlarioja.com.ar\\\/sitio\\\/wp-content\\\/uploads\\\/2026\\\/04\\\/Vicuna.jpg\",\"contentUrl\":\"https:\\\/\\\/laredlarioja.com.ar\\\/sitio\\\/wp-content\\\/uploads\\\/2026\\\/04\\\/Vicuna.jpg\",\"width\":1611,\"height\":873},{\"@type\":\"BreadcrumbList\",\"@id\":\"https:\\\/\\\/laredlarioja.com.ar\\\/sitio\\\/la-justicia-de-san-juan-habilito-la-continuidad-operativa-del-proyecto-vicuna\\\/#breadcrumb\",\"itemListElement\":[{\"@type\":\"ListItem\",\"position\":1,\"name\":\"Portada\",\"item\":\"https:\\\/\\\/laredlarioja.com.ar\\\/sitio\\\/\"},{\"@type\":\"ListItem\",\"position\":2,\"name\":\"la Justicia de San Juan habilit\u00f3 la continuidad operativa del Proyecto Vicu\u00f1a\"}]},{\"@type\":\"WebSite\",\"@id\":\"https:\\\/\\\/laredlarioja.com.ar\\\/sitio\\\/#website\",\"url\":\"https:\\\/\\\/laredlarioja.com.ar\\\/sitio\\\/\",\"name\":\"LA RED 88.3 LA RIOJA\",\"description\":\"Sitio de Noticias\",\"publisher\":{\"@id\":\"https:\\\/\\\/laredlarioja.com.ar\\\/sitio\\\/#organization\"},\"potentialAction\":[{\"@type\":\"SearchAction\",\"target\":{\"@type\":\"EntryPoint\",\"urlTemplate\":\"https:\\\/\\\/laredlarioja.com.ar\\\/sitio\\\/?s={search_term_string}\"},\"query-input\":{\"@type\":\"PropertyValueSpecification\",\"valueRequired\":true,\"valueName\":\"search_term_string\"}}],\"inLanguage\":\"es\"},{\"@type\":\"Organization\",\"@id\":\"https:\\\/\\\/laredlarioja.com.ar\\\/sitio\\\/#organization\",\"name\":\"LA RED 88.3 LA RIOJA\",\"url\":\"https:\\\/\\\/laredlarioja.com.ar\\\/sitio\\\/\",\"logo\":{\"@type\":\"ImageObject\",\"inLanguage\":\"es\",\"@id\":\"https:\\\/\\\/laredlarioja.com.ar\\\/sitio\\\/#\\\/schema\\\/logo\\\/image\\\/\",\"url\":\"https:\\\/\\\/laredlarioja.com.ar\\\/sitio\\\/wp-content\\\/uploads\\\/2025\\\/05\\\/LOGO-LA-RED.png\",\"contentUrl\":\"https:\\\/\\\/laredlarioja.com.ar\\\/sitio\\\/wp-content\\\/uploads\\\/2025\\\/05\\\/LOGO-LA-RED.png\",\"width\":193,\"height\":340,\"caption\":\"LA RED 88.3 LA RIOJA\"},\"image\":{\"@id\":\"https:\\\/\\\/laredlarioja.com.ar\\\/sitio\\\/#\\\/schema\\\/logo\\\/image\\\/\"},\"sameAs\":[\"https:\\\/\\\/www.facebook.com\\\/lared.larioja\",\"https:\\\/\\\/x.com\\\/laredlarioja1\",\"https:\\\/\\\/www.instagram.com\\\/lared_larioja\\\/\"]},{\"@type\":\"Person\",\"@id\":\"https:\\\/\\\/laredlarioja.com.ar\\\/sitio\\\/#\\\/schema\\\/person\\\/f1e213867beccedaaa4fb548d9259d9a\",\"name\":\"La Red\",\"url\":\"https:\\\/\\\/laredlarioja.com.ar\\\/sitio\\\/author\\\/lared\\\/\"}]}<\/script>\n<!-- \/ Yoast SEO plugin. -->","yoast_head_json":{"title":"la Justicia de San Juan habilit\u00f3 la continuidad operativa del Proyecto Vicu\u00f1a - LA RED 88.3 LA RIOJA","robots":{"index":"index","follow":"follow","max-snippet":"max-snippet:-1","max-image-preview":"max-image-preview:large","max-video-preview":"max-video-preview:-1"},"canonical":"https:\/\/laredlarioja.com.ar\/sitio\/la-justicia-de-san-juan-habilito-la-continuidad-operativa-del-proyecto-vicuna\/","og_locale":"es_ES","og_type":"article","og_title":"la Justicia de San Juan habilit\u00f3 la continuidad operativa del Proyecto Vicu\u00f1a - LA RED 88.3 LA RIOJA","og_description":"La\u00a0Justicia\u00a0de San Juan resolvi\u00f3 este martes habilitar la continuidad de las operaciones del Proyecto Vicu\u00f1a\u00a0tras hacer lugar a","og_url":"https:\/\/laredlarioja.com.ar\/sitio\/la-justicia-de-san-juan-habilito-la-continuidad-operativa-del-proyecto-vicuna\/","og_site_name":"LA RED 88.3 LA RIOJA","article_publisher":"https:\/\/www.facebook.com\/lared.larioja","article_published_time":"2026-04-28T23:05:19+00:00","og_image":[{"width":1611,"height":873,"url":"https:\/\/laredlarioja.com.ar\/sitio\/wp-content\/uploads\/2026\/04\/Vicuna.jpg","type":"image\/jpeg"}],"author":"La Red","twitter_card":"summary_large_image","twitter_creator":"@laredlarioja1","twitter_site":"@laredlarioja1","twitter_misc":{"Escrito por":"La Red","Tiempo de lectura":"2 minutos"},"schema":{"@context":"https:\/\/schema.org","@graph":[{"@type":"Article","@id":"https:\/\/laredlarioja.com.ar\/sitio\/la-justicia-de-san-juan-habilito-la-continuidad-operativa-del-proyecto-vicuna\/#article","isPartOf":{"@id":"https:\/\/laredlarioja.com.ar\/sitio\/la-justicia-de-san-juan-habilito-la-continuidad-operativa-del-proyecto-vicuna\/"},"author":{"name":"La Red","@id":"https:\/\/laredlarioja.com.ar\/sitio\/#\/schema\/person\/f1e213867beccedaaa4fb548d9259d9a"},"headline":"la Justicia de San Juan habilit\u00f3 la continuidad operativa del Proyecto Vicu\u00f1a","datePublished":"2026-04-28T23:05:19+00:00","mainEntityOfPage":{"@id":"https:\/\/laredlarioja.com.ar\/sitio\/la-justicia-de-san-juan-habilito-la-continuidad-operativa-del-proyecto-vicuna\/"},"wordCount":266,"publisher":{"@id":"https:\/\/laredlarioja.com.ar\/sitio\/#organization"},"image":{"@id":"https:\/\/laredlarioja.com.ar\/sitio\/la-justicia-de-san-juan-habilito-la-continuidad-operativa-del-proyecto-vicuna\/#primaryimage"},"thumbnailUrl":"https:\/\/laredlarioja.com.ar\/sitio\/wp-content\/uploads\/2026\/04\/Vicuna.jpg","articleSection":["Tapa"],"inLanguage":"es"},{"@type":"WebPage","@id":"https:\/\/laredlarioja.com.ar\/sitio\/la-justicia-de-san-juan-habilito-la-continuidad-operativa-del-proyecto-vicuna\/","url":"https:\/\/laredlarioja.com.ar\/sitio\/la-justicia-de-san-juan-habilito-la-continuidad-operativa-del-proyecto-vicuna\/","name":"la Justicia de San Juan habilit\u00f3 la continuidad operativa del Proyecto Vicu\u00f1a - LA RED 88.3 LA RIOJA","isPartOf":{"@id":"https:\/\/laredlarioja.com.ar\/sitio\/#website"},"primaryImageOfPage":{"@id":"https:\/\/laredlarioja.com.ar\/sitio\/la-justicia-de-san-juan-habilito-la-continuidad-operativa-del-proyecto-vicuna\/#primaryimage"},"image":{"@id":"https:\/\/laredlarioja.com.ar\/sitio\/la-justicia-de-san-juan-habilito-la-continuidad-operativa-del-proyecto-vicuna\/#primaryimage"},"thumbnailUrl":"https:\/\/laredlarioja.com.ar\/sitio\/wp-content\/uploads\/2026\/04\/Vicuna.jpg","datePublished":"2026-04-28T23:05:19+00:00","breadcrumb":{"@id":"https:\/\/laredlarioja.com.ar\/sitio\/la-justicia-de-san-juan-habilito-la-continuidad-operativa-del-proyecto-vicuna\/#breadcrumb"},"inLanguage":"es","potentialAction":[{"@type":"ReadAction","target":["https:\/\/laredlarioja.com.ar\/sitio\/la-justicia-de-san-juan-habilito-la-continuidad-operativa-del-proyecto-vicuna\/"]}]},{"@type":"ImageObject","inLanguage":"es","@id":"https:\/\/laredlarioja.com.ar\/sitio\/la-justicia-de-san-juan-habilito-la-continuidad-operativa-del-proyecto-vicuna\/#primaryimage","url":"https:\/\/laredlarioja.com.ar\/sitio\/wp-content\/uploads\/2026\/04\/Vicuna.jpg","contentUrl":"https:\/\/laredlarioja.com.ar\/sitio\/wp-content\/uploads\/2026\/04\/Vicuna.jpg","width":1611,"height":873},{"@type":"BreadcrumbList","@id":"https:\/\/laredlarioja.com.ar\/sitio\/la-justicia-de-san-juan-habilito-la-continuidad-operativa-del-proyecto-vicuna\/#breadcrumb","itemListElement":[{"@type":"ListItem","position":1,"name":"Portada","item":"https:\/\/laredlarioja.com.ar\/sitio\/"},{"@type":"ListItem","position":2,"name":"la Justicia de San Juan habilit\u00f3 la continuidad operativa del Proyecto Vicu\u00f1a"}]},{"@type":"WebSite","@id":"https:\/\/laredlarioja.com.ar\/sitio\/#website","url":"https:\/\/laredlarioja.com.ar\/sitio\/","name":"LA RED 88.3 LA RIOJA","description":"Sitio de Noticias","publisher":{"@id":"https:\/\/laredlarioja.com.ar\/sitio\/#organization"},"potentialAction":[{"@type":"SearchAction","target":{"@type":"EntryPoint","urlTemplate":"https:\/\/laredlarioja.com.ar\/sitio\/?s={search_term_string}"},"query-input":{"@type":"PropertyValueSpecification","valueRequired":true,"valueName":"search_term_string"}}],"inLanguage":"es"},{"@type":"Organization","@id":"https:\/\/laredlarioja.com.ar\/sitio\/#organization","name":"LA RED 88.3 LA RIOJA","url":"https:\/\/laredlarioja.com.ar\/sitio\/","logo":{"@type":"ImageObject","inLanguage":"es","@id":"https:\/\/laredlarioja.com.ar\/sitio\/#\/schema\/logo\/image\/","url":"https:\/\/laredlarioja.com.ar\/sitio\/wp-content\/uploads\/2025\/05\/LOGO-LA-RED.png","contentUrl":"https:\/\/laredlarioja.com.ar\/sitio\/wp-content\/uploads\/2025\/05\/LOGO-LA-RED.png","width":193,"height":340,"caption":"LA RED 88.3 LA RIOJA"},"image":{"@id":"https:\/\/laredlarioja.com.ar\/sitio\/#\/schema\/logo\/image\/"},"sameAs":["https:\/\/www.facebook.com\/lared.larioja","https:\/\/x.com\/laredlarioja1","https:\/\/www.instagram.com\/lared_larioja\/"]},{"@type":"Person","@id":"https:\/\/laredlarioja.com.ar\/sitio\/#\/schema\/person\/f1e213867beccedaaa4fb548d9259d9a","name":"La Red","url":"https:\/\/laredlarioja.com.ar\/sitio\/author\/lared\/"}]}},"featured_image_urls":{"full":["https:\/\/laredlarioja.com.ar\/sitio\/wp-content\/uploads\/2026\/04\/Vicuna.jpg",1611,873,false],"thumbnail":["https:\/\/laredlarioja.com.ar\/sitio\/wp-content\/uploads\/2026\/04\/Vicuna-150x150.jpg",150,150,true],"medium":["https:\/\/laredlarioja.com.ar\/sitio\/wp-content\/uploads\/2026\/04\/Vicuna-300x163.jpg",300,163,true],"medium_large":["https:\/\/laredlarioja.com.ar\/sitio\/wp-content\/uploads\/2026\/04\/Vicuna-768x416.jpg",640,347,true],"large":["https:\/\/laredlarioja.com.ar\/sitio\/wp-content\/uploads\/2026\/04\/Vicuna-1024x555.jpg",640,347,true],"1536x1536":["https:\/\/laredlarioja.com.ar\/sitio\/wp-content\/uploads\/2026\/04\/Vicuna-1536x832.jpg",1536,832,true],"2048x2048":["https:\/\/laredlarioja.com.ar\/sitio\/wp-content\/uploads\/2026\/04\/Vicuna.jpg",1611,873,false],"cvmm-medium":["https:\/\/laredlarioja.com.ar\/sitio\/wp-content\/uploads\/2026\/04\/Vicuna-300x300.jpg",300,300,true],"cvmm-medium-plus":["https:\/\/laredlarioja.com.ar\/sitio\/wp-content\/uploads\/2026\/04\/Vicuna-305x207.jpg",305,207,true],"cvmm-portrait":["https:\/\/laredlarioja.com.ar\/sitio\/wp-content\/uploads\/2026\/04\/Vicuna-400x600.jpg",400,600,true],"cvmm-medium-square":["https:\/\/laredlarioja.com.ar\/sitio\/wp-content\/uploads\/2026\/04\/Vicuna-600x600.jpg",600,600,true],"cvmm-large":["https:\/\/laredlarioja.com.ar\/sitio\/wp-content\/uploads\/2026\/04\/Vicuna-1024x873.jpg",1024,873,true],"cvmm-small":["https:\/\/laredlarioja.com.ar\/sitio\/wp-content\/uploads\/2026\/04\/Vicuna-130x95.jpg",130,95,true],"morenews-large":["https:\/\/laredlarioja.com.ar\/sitio\/wp-content\/uploads\/2026\/04\/Vicuna-825x575.jpg",825,575,true],"morenews-medium":["https:\/\/laredlarioja.com.ar\/sitio\/wp-content\/uploads\/2026\/04\/Vicuna-590x410.jpg",590,410,true]},"author_info":{"display_name":"La Red","author_link":"https:\/\/laredlarioja.com.ar\/sitio\/author\/lared\/"},"category_info":"<a href=\"https:\/\/laredlarioja.com.ar\/sitio\/categorias\/tapa\/\" rel=\"category tag\">Tapa<\/a>","tag_info":"Tapa","comment_count":"0","blog_post_layout_featured_media_urls":{"thumbnail":["https:\/\/laredlarioja.com.ar\/sitio\/wp-content\/uploads\/2026\/04\/Vicuna-150x150.jpg",150,150,true],"full":["https:\/\/laredlarioja.com.ar\/sitio\/wp-content\/uploads\/2026\/04\/Vicuna.jpg",1611,873,false]},"categories_names":{"100":{"name":"Tapa","link":"https:\/\/laredlarioja.com.ar\/sitio\/categorias\/tapa\/"}},"tags_names":[],"comments_number":"0","wpmagazine_modules_lite_featured_media_urls":{"thumbnail":["https:\/\/laredlarioja.com.ar\/sitio\/wp-content\/uploads\/2026\/04\/Vicuna-150x150.jpg",150,150,true],"cvmm-medium":["https:\/\/laredlarioja.com.ar\/sitio\/wp-content\/uploads\/2026\/04\/Vicuna-300x300.jpg",300,300,true],"cvmm-medium-plus":["https:\/\/laredlarioja.com.ar\/sitio\/wp-content\/uploads\/2026\/04\/Vicuna-305x207.jpg",305,207,true],"cvmm-portrait":["https:\/\/laredlarioja.com.ar\/sitio\/wp-content\/uploads\/2026\/04\/Vicuna-400x600.jpg",400,600,true],"cvmm-medium-square":["https:\/\/laredlarioja.com.ar\/sitio\/wp-content\/uploads\/2026\/04\/Vicuna-600x600.jpg",600,600,true],"cvmm-large":["https:\/\/laredlarioja.com.ar\/sitio\/wp-content\/uploads\/2026\/04\/Vicuna-1024x873.jpg",1024,873,true],"cvmm-small":["https:\/\/laredlarioja.com.ar\/sitio\/wp-content\/uploads\/2026\/04\/Vicuna-130x95.jpg",130,95,true],"full":["https:\/\/laredlarioja.com.ar\/sitio\/wp-content\/uploads\/2026\/04\/Vicuna.jpg",1611,873,false]},"_links":{"self":[{"href":"https:\/\/laredlarioja.com.ar\/sitio\/wp-json\/wp\/v2\/posts\/77630","targetHints":{"allow":["GET"]}}],"collection":[{"href":"https:\/\/laredlarioja.com.ar\/sitio\/wp-json\/wp\/v2\/posts"}],"about":[{"href":"https:\/\/laredlarioja.com.ar\/sitio\/wp-json\/wp\/v2\/types\/post"}],"author":[{"embeddable":true,"href":"https:\/\/laredlarioja.com.ar\/sitio\/wp-json\/wp\/v2\/users\/10"}],"replies":[{"embeddable":true,"href":"https:\/\/laredlarioja.com.ar\/sitio\/wp-json\/wp\/v2\/comments?post=77630"}],"version-history":[{"count":1,"href":"https:\/\/laredlarioja.com.ar\/sitio\/wp-json\/wp\/v2\/posts\/77630\/revisions"}],"predecessor-version":[{"id":77632,"href":"https:\/\/laredlarioja.com.ar\/sitio\/wp-json\/wp\/v2\/posts\/77630\/revisions\/77632"}],"wp:featuredmedia":[{"embeddable":true,"href":"https:\/\/laredlarioja.com.ar\/sitio\/wp-json\/wp\/v2\/media\/77148"}],"wp:attachment":[{"href":"https:\/\/laredlarioja.com.ar\/sitio\/wp-json\/wp\/v2\/media?parent=77630"}],"wp:term":[{"taxonomy":"category","embeddable":true,"href":"https:\/\/laredlarioja.com.ar\/sitio\/wp-json\/wp\/v2\/categories?post=77630"},{"taxonomy":"post_tag","embeddable":true,"href":"https:\/\/laredlarioja.com.ar\/sitio\/wp-json\/wp\/v2\/tags?post=77630"}],"curies":[{"name":"wp","href":"https:\/\/api.w.org\/{rel}","templated":true}]}}