{"id":77634,"date":"2026-04-28T23:59:09","date_gmt":"2026-04-28T23:59:09","guid":{"rendered":"https:\/\/laredlarioja.com.ar\/sitio\/?p=77634"},"modified":"2026-04-28T23:59:09","modified_gmt":"2026-04-28T23:59:09","slug":"reforma-laboral-la-justicia-la-reactivo-pero-la-incertidumbre-sigue-abierta","status":"publish","type":"post","link":"https:\/\/laredlarioja.com.ar\/sitio\/reforma-laboral-la-justicia-la-reactivo-pero-la-incertidumbre-sigue-abierta\/","title":{"rendered":"Reforma laboral: la Justicia la reactiv\u00f3, pero la incertidumbre sigue abierta"},"content":{"rendered":"<p>Tras el reciente fallo de la Justicia del Trabajo que restituye la vigencia de la reforma laboral, el panorama sigue marcado por la incertidumbre. As\u00ed lo explic\u00f3 el contador Luis Herrera, del estudio jur\u00eddico Quijano y Asociados y docente de la Universidad Nacional de La Rioja, quien analiz\u00f3 el impacto concreto de esta situaci\u00f3n en el d\u00eda a d\u00eda de empleadores y trabajadores.<\/p>\n<p>Herrera record\u00f3 que, en un primer momento, una presentaci\u00f3n de la CGT hab\u00eda logrado frenar la aplicaci\u00f3n de 83 art\u00edculos de la ley. Sin embargo, la \u00faltima resoluci\u00f3n judicial revirti\u00f3 esa medida: \u201cHoy la ley est\u00e1 vigente. La Justicia decidi\u00f3 que vuelva a aplicarse, aunque todav\u00eda se reserv\u00f3 el tiempo para una definici\u00f3n de fondo\u201d, se\u00f1al\u00f3.<\/p>\n<p>En ese contexto, el especialista explic\u00f3 que el Gobierno avanz\u00f3 con un recurso de \u201cper saltum\u201d para que la Corte Suprema intervenga directamente y resuelva si la norma es constitucional. \u201cSe busca una definici\u00f3n clara y definitiva, porque hoy estamos en un escenario transitorio\u201d, indic\u00f3.<\/p>\n<p>Uno de los puntos clave que remarc\u00f3 Herrera es la falta de previsibilidad: \u201cLa ley est\u00e1 vigente y hay que aplicarla. Si hoy tengo que hacer una liquidaci\u00f3n o tomar una decisi\u00f3n laboral, debo regirme por esta norma. No hacerlo ser\u00eda ir en contra de la ley actual\u201d. Sin embargo, advirti\u00f3 que esa misma normativa podr\u00eda ser modificada o incluso anulada m\u00e1s adelante.<br \/>\nEn cuanto a los aspectos m\u00e1s discutidos, mencion\u00f3 cambios en el c\u00e1lculo de indemnizaciones, donde ahora solo se contemplan conceptos habituales y mensuales, dejando afuera \u00edtems extraordinarios.<\/p>\n<p>Tambi\u00e9n destac\u00f3 el nuevo esquema de actualizaci\u00f3n para pagos fuera de t\u00e9rmino: \u201cSe establece una tasa clara: inflaci\u00f3n m\u00e1s un 3%, lo que da cierta previsibilidad frente a lo que pasaba antes con m\u00faltiples \u00edndices\u201d.<\/p>\n<p>Por \u00faltimo, aclar\u00f3 que, aunque la ley est\u00e1 plenamente vigente, hay puntos espec\u00edficos bajo cuestionamiento judicial, como el Fondo de Asistencia Laboral \u2014que comenzar\u00e1 a regir desde el 1 de junio\u2014 y la ultraactividad de los convenios colectivos.\u201cEstamos en un momento de transici\u00f3n. La norma rige hoy, pero no hay garant\u00edas sobre su continuidad. Eso es lo que genera mayor complejidad en la pr\u00e1ctica\u201d, concluy\u00f3 Herrera.<\/p>\n","protected":false},"excerpt":{"rendered":"<p>Tras el reciente fallo de la Justicia del Trabajo que restituye la vigencia de la reforma laboral, el<\/p>\n","protected":false},"author":7,"featured_media":75472,"comment_status":"closed","ping_status":"open","sticky":false,"template":"","format":"standard","meta":{"footnotes":""},"categories":[94],"tags":[84],"class_list":["post-77634","post","type-post","status-publish","format-standard","has-post-thumbnail","hentry","category-locales","tag-secundaria"],"yoast_head":"<!-- This site is optimized with the Yoast SEO plugin v27.4 - https:\/\/yoast.com\/product\/yoast-seo-wordpress\/ -->\n<title>Reforma laboral: la Justicia la reactiv\u00f3, pero la incertidumbre sigue abierta - LA RED 88.3 LA RIOJA<\/title>\n<meta name=\"robots\" content=\"index, follow, max-snippet:-1, max-image-preview:large, max-video-preview:-1\" \/>\n<link rel=\"canonical\" href=\"https:\/\/laredlarioja.com.ar\/sitio\/reforma-laboral-la-justicia-la-reactivo-pero-la-incertidumbre-sigue-abierta\/\" \/>\n<meta property=\"og:locale\" content=\"es_ES\" \/>\n<meta property=\"og:type\" content=\"article\" \/>\n<meta property=\"og:title\" content=\"Reforma laboral: la Justicia la reactiv\u00f3, pero la incertidumbre sigue abierta - LA RED 88.3 LA RIOJA\" \/>\n<meta property=\"og:description\" content=\"Tras el reciente fallo de la Justicia del Trabajo que restituye la vigencia de la reforma laboral, el\" \/>\n<meta property=\"og:url\" content=\"https:\/\/laredlarioja.com.ar\/sitio\/reforma-laboral-la-justicia-la-reactivo-pero-la-incertidumbre-sigue-abierta\/\" \/>\n<meta property=\"og:site_name\" content=\"LA RED 88.3 LA RIOJA\" \/>\n<meta property=\"article:publisher\" content=\"https:\/\/www.facebook.com\/lared.larioja\" \/>\n<meta property=\"article:published_time\" content=\"2026-04-28T23:59:09+00:00\" \/>\n<meta property=\"og:image\" content=\"https:\/\/laredlarioja.com.ar\/sitio\/wp-content\/uploads\/2026\/03\/reforma-laboral.webp\" \/>\n\t<meta property=\"og:image:width\" content=\"1080\" \/>\n\t<meta property=\"og:image:height\" content=\"720\" \/>\n\t<meta property=\"og:image:type\" content=\"image\/webp\" \/>\n<meta name=\"author\" content=\"Anabella Soria\" \/>\n<meta name=\"twitter:card\" content=\"summary_large_image\" \/>\n<meta name=\"twitter:creator\" content=\"@laredlarioja1\" \/>\n<meta name=\"twitter:site\" content=\"@laredlarioja1\" \/>\n<meta name=\"twitter:label1\" content=\"Escrito por\" \/>\n\t<meta name=\"twitter:data1\" content=\"Anabella Soria\" \/>\n\t<meta name=\"twitter:label2\" content=\"Tiempo de lectura\" \/>\n\t<meta name=\"twitter:data2\" content=\"2 minutos\" \/>\n<script type=\"application\/ld+json\" class=\"yoast-schema-graph\">{\"@context\":\"https:\\\/\\\/schema.org\",\"@graph\":[{\"@type\":\"Article\",\"@id\":\"https:\\\/\\\/laredlarioja.com.ar\\\/sitio\\\/reforma-laboral-la-justicia-la-reactivo-pero-la-incertidumbre-sigue-abierta\\\/#article\",\"isPartOf\":{\"@id\":\"https:\\\/\\\/laredlarioja.com.ar\\\/sitio\\\/reforma-laboral-la-justicia-la-reactivo-pero-la-incertidumbre-sigue-abierta\\\/\"},\"author\":{\"name\":\"Anabella Soria\",\"@id\":\"https:\\\/\\\/laredlarioja.com.ar\\\/sitio\\\/#\\\/schema\\\/person\\\/31f88059d20c5cf06e974fd895aec56e\"},\"headline\":\"Reforma laboral: la Justicia la reactiv\u00f3, pero la incertidumbre sigue abierta\",\"datePublished\":\"2026-04-28T23:59:09+00:00\",\"mainEntityOfPage\":{\"@id\":\"https:\\\/\\\/laredlarioja.com.ar\\\/sitio\\\/reforma-laboral-la-justicia-la-reactivo-pero-la-incertidumbre-sigue-abierta\\\/\"},\"wordCount\":394,\"publisher\":{\"@id\":\"https:\\\/\\\/laredlarioja.com.ar\\\/sitio\\\/#organization\"},\"image\":{\"@id\":\"https:\\\/\\\/laredlarioja.com.ar\\\/sitio\\\/reforma-laboral-la-justicia-la-reactivo-pero-la-incertidumbre-sigue-abierta\\\/#primaryimage\"},\"thumbnailUrl\":\"https:\\\/\\\/laredlarioja.com.ar\\\/sitio\\\/wp-content\\\/uploads\\\/2026\\\/03\\\/reforma-laboral.webp\",\"keywords\":[\"Secundaria\"],\"articleSection\":[\"Locales\"],\"inLanguage\":\"es\"},{\"@type\":\"WebPage\",\"@id\":\"https:\\\/\\\/laredlarioja.com.ar\\\/sitio\\\/reforma-laboral-la-justicia-la-reactivo-pero-la-incertidumbre-sigue-abierta\\\/\",\"url\":\"https:\\\/\\\/laredlarioja.com.ar\\\/sitio\\\/reforma-laboral-la-justicia-la-reactivo-pero-la-incertidumbre-sigue-abierta\\\/\",\"name\":\"Reforma laboral: la Justicia la reactiv\u00f3, pero la incertidumbre sigue abierta - LA RED 88.3 LA RIOJA\",\"isPartOf\":{\"@id\":\"https:\\\/\\\/laredlarioja.com.ar\\\/sitio\\\/#website\"},\"primaryImageOfPage\":{\"@id\":\"https:\\\/\\\/laredlarioja.com.ar\\\/sitio\\\/reforma-laboral-la-justicia-la-reactivo-pero-la-incertidumbre-sigue-abierta\\\/#primaryimage\"},\"image\":{\"@id\":\"https:\\\/\\\/laredlarioja.com.ar\\\/sitio\\\/reforma-laboral-la-justicia-la-reactivo-pero-la-incertidumbre-sigue-abierta\\\/#primaryimage\"},\"thumbnailUrl\":\"https:\\\/\\\/laredlarioja.com.ar\\\/sitio\\\/wp-content\\\/uploads\\\/2026\\\/03\\\/reforma-laboral.webp\",\"datePublished\":\"2026-04-28T23:59:09+00:00\",\"breadcrumb\":{\"@id\":\"https:\\\/\\\/laredlarioja.com.ar\\\/sitio\\\/reforma-laboral-la-justicia-la-reactivo-pero-la-incertidumbre-sigue-abierta\\\/#breadcrumb\"},\"inLanguage\":\"es\",\"potentialAction\":[{\"@type\":\"ReadAction\",\"target\":[\"https:\\\/\\\/laredlarioja.com.ar\\\/sitio\\\/reforma-laboral-la-justicia-la-reactivo-pero-la-incertidumbre-sigue-abierta\\\/\"]}]},{\"@type\":\"ImageObject\",\"inLanguage\":\"es\",\"@id\":\"https:\\\/\\\/laredlarioja.com.ar\\\/sitio\\\/reforma-laboral-la-justicia-la-reactivo-pero-la-incertidumbre-sigue-abierta\\\/#primaryimage\",\"url\":\"https:\\\/\\\/laredlarioja.com.ar\\\/sitio\\\/wp-content\\\/uploads\\\/2026\\\/03\\\/reforma-laboral.webp\",\"contentUrl\":\"https:\\\/\\\/laredlarioja.com.ar\\\/sitio\\\/wp-content\\\/uploads\\\/2026\\\/03\\\/reforma-laboral.webp\",\"width\":1080,\"height\":720},{\"@type\":\"BreadcrumbList\",\"@id\":\"https:\\\/\\\/laredlarioja.com.ar\\\/sitio\\\/reforma-laboral-la-justicia-la-reactivo-pero-la-incertidumbre-sigue-abierta\\\/#breadcrumb\",\"itemListElement\":[{\"@type\":\"ListItem\",\"position\":1,\"name\":\"Portada\",\"item\":\"https:\\\/\\\/laredlarioja.com.ar\\\/sitio\\\/\"},{\"@type\":\"ListItem\",\"position\":2,\"name\":\"Reforma laboral: la Justicia la reactiv\u00f3, pero la incertidumbre sigue abierta\"}]},{\"@type\":\"WebSite\",\"@id\":\"https:\\\/\\\/laredlarioja.com.ar\\\/sitio\\\/#website\",\"url\":\"https:\\\/\\\/laredlarioja.com.ar\\\/sitio\\\/\",\"name\":\"LA RED 88.3 LA RIOJA\",\"description\":\"Sitio de Noticias\",\"publisher\":{\"@id\":\"https:\\\/\\\/laredlarioja.com.ar\\\/sitio\\\/#organization\"},\"potentialAction\":[{\"@type\":\"SearchAction\",\"target\":{\"@type\":\"EntryPoint\",\"urlTemplate\":\"https:\\\/\\\/laredlarioja.com.ar\\\/sitio\\\/?s={search_term_string}\"},\"query-input\":{\"@type\":\"PropertyValueSpecification\",\"valueRequired\":true,\"valueName\":\"search_term_string\"}}],\"inLanguage\":\"es\"},{\"@type\":\"Organization\",\"@id\":\"https:\\\/\\\/laredlarioja.com.ar\\\/sitio\\\/#organization\",\"name\":\"LA RED 88.3 LA RIOJA\",\"url\":\"https:\\\/\\\/laredlarioja.com.ar\\\/sitio\\\/\",\"logo\":{\"@type\":\"ImageObject\",\"inLanguage\":\"es\",\"@id\":\"https:\\\/\\\/laredlarioja.com.ar\\\/sitio\\\/#\\\/schema\\\/logo\\\/image\\\/\",\"url\":\"https:\\\/\\\/laredlarioja.com.ar\\\/sitio\\\/wp-content\\\/uploads\\\/2025\\\/05\\\/LOGO-LA-RED.png\",\"contentUrl\":\"https:\\\/\\\/laredlarioja.com.ar\\\/sitio\\\/wp-content\\\/uploads\\\/2025\\\/05\\\/LOGO-LA-RED.png\",\"width\":193,\"height\":340,\"caption\":\"LA RED 88.3 LA RIOJA\"},\"image\":{\"@id\":\"https:\\\/\\\/laredlarioja.com.ar\\\/sitio\\\/#\\\/schema\\\/logo\\\/image\\\/\"},\"sameAs\":[\"https:\\\/\\\/www.facebook.com\\\/lared.larioja\",\"https:\\\/\\\/x.com\\\/laredlarioja1\",\"https:\\\/\\\/www.instagram.com\\\/lared_larioja\\\/\"]},{\"@type\":\"Person\",\"@id\":\"https:\\\/\\\/laredlarioja.com.ar\\\/sitio\\\/#\\\/schema\\\/person\\\/31f88059d20c5cf06e974fd895aec56e\",\"name\":\"Anabella Soria\",\"url\":\"https:\\\/\\\/laredlarioja.com.ar\\\/sitio\\\/author\\\/asoria\\\/\"}]}<\/script>\n<!-- \/ Yoast SEO plugin. -->","yoast_head_json":{"title":"Reforma laboral: la Justicia la reactiv\u00f3, pero la incertidumbre sigue abierta - LA RED 88.3 LA RIOJA","robots":{"index":"index","follow":"follow","max-snippet":"max-snippet:-1","max-image-preview":"max-image-preview:large","max-video-preview":"max-video-preview:-1"},"canonical":"https:\/\/laredlarioja.com.ar\/sitio\/reforma-laboral-la-justicia-la-reactivo-pero-la-incertidumbre-sigue-abierta\/","og_locale":"es_ES","og_type":"article","og_title":"Reforma laboral: la Justicia la reactiv\u00f3, pero la incertidumbre sigue abierta - LA RED 88.3 LA RIOJA","og_description":"Tras el reciente fallo de la Justicia del Trabajo que restituye la vigencia de la reforma laboral, el","og_url":"https:\/\/laredlarioja.com.ar\/sitio\/reforma-laboral-la-justicia-la-reactivo-pero-la-incertidumbre-sigue-abierta\/","og_site_name":"LA RED 88.3 LA RIOJA","article_publisher":"https:\/\/www.facebook.com\/lared.larioja","article_published_time":"2026-04-28T23:59:09+00:00","og_image":[{"width":1080,"height":720,"url":"https:\/\/laredlarioja.com.ar\/sitio\/wp-content\/uploads\/2026\/03\/reforma-laboral.webp","type":"image\/webp"}],"author":"Anabella Soria","twitter_card":"summary_large_image","twitter_creator":"@laredlarioja1","twitter_site":"@laredlarioja1","twitter_misc":{"Escrito por":"Anabella Soria","Tiempo de lectura":"2 minutos"},"schema":{"@context":"https:\/\/schema.org","@graph":[{"@type":"Article","@id":"https:\/\/laredlarioja.com.ar\/sitio\/reforma-laboral-la-justicia-la-reactivo-pero-la-incertidumbre-sigue-abierta\/#article","isPartOf":{"@id":"https:\/\/laredlarioja.com.ar\/sitio\/reforma-laboral-la-justicia-la-reactivo-pero-la-incertidumbre-sigue-abierta\/"},"author":{"name":"Anabella Soria","@id":"https:\/\/laredlarioja.com.ar\/sitio\/#\/schema\/person\/31f88059d20c5cf06e974fd895aec56e"},"headline":"Reforma laboral: la Justicia la reactiv\u00f3, pero la incertidumbre sigue abierta","datePublished":"2026-04-28T23:59:09+00:00","mainEntityOfPage":{"@id":"https:\/\/laredlarioja.com.ar\/sitio\/reforma-laboral-la-justicia-la-reactivo-pero-la-incertidumbre-sigue-abierta\/"},"wordCount":394,"publisher":{"@id":"https:\/\/laredlarioja.com.ar\/sitio\/#organization"},"image":{"@id":"https:\/\/laredlarioja.com.ar\/sitio\/reforma-laboral-la-justicia-la-reactivo-pero-la-incertidumbre-sigue-abierta\/#primaryimage"},"thumbnailUrl":"https:\/\/laredlarioja.com.ar\/sitio\/wp-content\/uploads\/2026\/03\/reforma-laboral.webp","keywords":["Secundaria"],"articleSection":["Locales"],"inLanguage":"es"},{"@type":"WebPage","@id":"https:\/\/laredlarioja.com.ar\/sitio\/reforma-laboral-la-justicia-la-reactivo-pero-la-incertidumbre-sigue-abierta\/","url":"https:\/\/laredlarioja.com.ar\/sitio\/reforma-laboral-la-justicia-la-reactivo-pero-la-incertidumbre-sigue-abierta\/","name":"Reforma laboral: la Justicia la reactiv\u00f3, pero la incertidumbre sigue abierta - LA RED 88.3 LA RIOJA","isPartOf":{"@id":"https:\/\/laredlarioja.com.ar\/sitio\/#website"},"primaryImageOfPage":{"@id":"https:\/\/laredlarioja.com.ar\/sitio\/reforma-laboral-la-justicia-la-reactivo-pero-la-incertidumbre-sigue-abierta\/#primaryimage"},"image":{"@id":"https:\/\/laredlarioja.com.ar\/sitio\/reforma-laboral-la-justicia-la-reactivo-pero-la-incertidumbre-sigue-abierta\/#primaryimage"},"thumbnailUrl":"https:\/\/laredlarioja.com.ar\/sitio\/wp-content\/uploads\/2026\/03\/reforma-laboral.webp","datePublished":"2026-04-28T23:59:09+00:00","breadcrumb":{"@id":"https:\/\/laredlarioja.com.ar\/sitio\/reforma-laboral-la-justicia-la-reactivo-pero-la-incertidumbre-sigue-abierta\/#breadcrumb"},"inLanguage":"es","potentialAction":[{"@type":"ReadAction","target":["https:\/\/laredlarioja.com.ar\/sitio\/reforma-laboral-la-justicia-la-reactivo-pero-la-incertidumbre-sigue-abierta\/"]}]},{"@type":"ImageObject","inLanguage":"es","@id":"https:\/\/laredlarioja.com.ar\/sitio\/reforma-laboral-la-justicia-la-reactivo-pero-la-incertidumbre-sigue-abierta\/#primaryimage","url":"https:\/\/laredlarioja.com.ar\/sitio\/wp-content\/uploads\/2026\/03\/reforma-laboral.webp","contentUrl":"https:\/\/laredlarioja.com.ar\/sitio\/wp-content\/uploads\/2026\/03\/reforma-laboral.webp","width":1080,"height":720},{"@type":"BreadcrumbList","@id":"https:\/\/laredlarioja.com.ar\/sitio\/reforma-laboral-la-justicia-la-reactivo-pero-la-incertidumbre-sigue-abierta\/#breadcrumb","itemListElement":[{"@type":"ListItem","position":1,"name":"Portada","item":"https:\/\/laredlarioja.com.ar\/sitio\/"},{"@type":"ListItem","position":2,"name":"Reforma laboral: la Justicia la reactiv\u00f3, pero la incertidumbre sigue abierta"}]},{"@type":"WebSite","@id":"https:\/\/laredlarioja.com.ar\/sitio\/#website","url":"https:\/\/laredlarioja.com.ar\/sitio\/","name":"LA RED 88.3 LA RIOJA","description":"Sitio de Noticias","publisher":{"@id":"https:\/\/laredlarioja.com.ar\/sitio\/#organization"},"potentialAction":[{"@type":"SearchAction","target":{"@type":"EntryPoint","urlTemplate":"https:\/\/laredlarioja.com.ar\/sitio\/?s={search_term_string}"},"query-input":{"@type":"PropertyValueSpecification","valueRequired":true,"valueName":"search_term_string"}}],"inLanguage":"es"},{"@type":"Organization","@id":"https:\/\/laredlarioja.com.ar\/sitio\/#organization","name":"LA RED 88.3 LA RIOJA","url":"https:\/\/laredlarioja.com.ar\/sitio\/","logo":{"@type":"ImageObject","inLanguage":"es","@id":"https:\/\/laredlarioja.com.ar\/sitio\/#\/schema\/logo\/image\/","url":"https:\/\/laredlarioja.com.ar\/sitio\/wp-content\/uploads\/2025\/05\/LOGO-LA-RED.png","contentUrl":"https:\/\/laredlarioja.com.ar\/sitio\/wp-content\/uploads\/2025\/05\/LOGO-LA-RED.png","width":193,"height":340,"caption":"LA RED 88.3 LA RIOJA"},"image":{"@id":"https:\/\/laredlarioja.com.ar\/sitio\/#\/schema\/logo\/image\/"},"sameAs":["https:\/\/www.facebook.com\/lared.larioja","https:\/\/x.com\/laredlarioja1","https:\/\/www.instagram.com\/lared_larioja\/"]},{"@type":"Person","@id":"https:\/\/laredlarioja.com.ar\/sitio\/#\/schema\/person\/31f88059d20c5cf06e974fd895aec56e","name":"Anabella Soria","url":"https:\/\/laredlarioja.com.ar\/sitio\/author\/asoria\/"}]}},"featured_image_urls":{"full":["https:\/\/laredlarioja.com.ar\/sitio\/wp-content\/uploads\/2026\/03\/reforma-laboral.webp",1080,720,false],"thumbnail":["https:\/\/laredlarioja.com.ar\/sitio\/wp-content\/uploads\/2026\/03\/reforma-laboral-150x150.webp",150,150,true],"medium":["https:\/\/laredlarioja.com.ar\/sitio\/wp-content\/uploads\/2026\/03\/reforma-laboral-300x200.webp",300,200,true],"medium_large":["https:\/\/laredlarioja.com.ar\/sitio\/wp-content\/uploads\/2026\/03\/reforma-laboral-768x512.webp",640,427,true],"large":["https:\/\/laredlarioja.com.ar\/sitio\/wp-content\/uploads\/2026\/03\/reforma-laboral-1024x683.webp",640,427,true],"1536x1536":["https:\/\/laredlarioja.com.ar\/sitio\/wp-content\/uploads\/2026\/03\/reforma-laboral.webp",1080,720,false],"2048x2048":["https:\/\/laredlarioja.com.ar\/sitio\/wp-content\/uploads\/2026\/03\/reforma-laboral.webp",1080,720,false],"cvmm-medium":["https:\/\/laredlarioja.com.ar\/sitio\/wp-content\/uploads\/2026\/03\/reforma-laboral-300x300.webp",300,300,true],"cvmm-medium-plus":["https:\/\/laredlarioja.com.ar\/sitio\/wp-content\/uploads\/2026\/03\/reforma-laboral-305x207.webp",305,207,true],"cvmm-portrait":["https:\/\/laredlarioja.com.ar\/sitio\/wp-content\/uploads\/2026\/03\/reforma-laboral-400x600.webp",400,600,true],"cvmm-medium-square":["https:\/\/laredlarioja.com.ar\/sitio\/wp-content\/uploads\/2026\/03\/reforma-laboral-600x600.webp",600,600,true],"cvmm-large":["https:\/\/laredlarioja.com.ar\/sitio\/wp-content\/uploads\/2026\/03\/reforma-laboral-1024x720.webp",1024,720,true],"cvmm-small":["https:\/\/laredlarioja.com.ar\/sitio\/wp-content\/uploads\/2026\/03\/reforma-laboral-130x95.webp",130,95,true],"morenews-large":["https:\/\/laredlarioja.com.ar\/sitio\/wp-content\/uploads\/2026\/03\/reforma-laboral-825x575.webp",825,575,true],"morenews-medium":["https:\/\/laredlarioja.com.ar\/sitio\/wp-content\/uploads\/2026\/03\/reforma-laboral-590x410.webp",590,410,true]},"author_info":{"display_name":"Anabella Soria","author_link":"https:\/\/laredlarioja.com.ar\/sitio\/author\/asoria\/"},"category_info":"<a href=\"https:\/\/laredlarioja.com.ar\/sitio\/categorias\/locales\/\" rel=\"category tag\">Locales<\/a>","tag_info":"Locales","comment_count":"0","blog_post_layout_featured_media_urls":{"thumbnail":["https:\/\/laredlarioja.com.ar\/sitio\/wp-content\/uploads\/2026\/03\/reforma-laboral-150x150.webp",150,150,true],"full":["https:\/\/laredlarioja.com.ar\/sitio\/wp-content\/uploads\/2026\/03\/reforma-laboral.webp",1080,720,false]},"categories_names":{"94":{"name":"Locales","link":"https:\/\/laredlarioja.com.ar\/sitio\/categorias\/locales\/"}},"tags_names":{"84":{"name":"Secundaria","link":"https:\/\/laredlarioja.com.ar\/sitio\/etiquetas\/secundaria\/"}},"comments_number":"0","wpmagazine_modules_lite_featured_media_urls":{"thumbnail":["https:\/\/laredlarioja.com.ar\/sitio\/wp-content\/uploads\/2026\/03\/reforma-laboral-150x150.webp",150,150,true],"cvmm-medium":["https:\/\/laredlarioja.com.ar\/sitio\/wp-content\/uploads\/2026\/03\/reforma-laboral-300x300.webp",300,300,true],"cvmm-medium-plus":["https:\/\/laredlarioja.com.ar\/sitio\/wp-content\/uploads\/2026\/03\/reforma-laboral-305x207.webp",305,207,true],"cvmm-portrait":["https:\/\/laredlarioja.com.ar\/sitio\/wp-content\/uploads\/2026\/03\/reforma-laboral-400x600.webp",400,600,true],"cvmm-medium-square":["https:\/\/laredlarioja.com.ar\/sitio\/wp-content\/uploads\/2026\/03\/reforma-laboral-600x600.webp",600,600,true],"cvmm-large":["https:\/\/laredlarioja.com.ar\/sitio\/wp-content\/uploads\/2026\/03\/reforma-laboral-1024x720.webp",1024,720,true],"cvmm-small":["https:\/\/laredlarioja.com.ar\/sitio\/wp-content\/uploads\/2026\/03\/reforma-laboral-130x95.webp",130,95,true],"full":["https:\/\/laredlarioja.com.ar\/sitio\/wp-content\/uploads\/2026\/03\/reforma-laboral.webp",1080,720,false]},"_links":{"self":[{"href":"https:\/\/laredlarioja.com.ar\/sitio\/wp-json\/wp\/v2\/posts\/77634","targetHints":{"allow":["GET"]}}],"collection":[{"href":"https:\/\/laredlarioja.com.ar\/sitio\/wp-json\/wp\/v2\/posts"}],"about":[{"href":"https:\/\/laredlarioja.com.ar\/sitio\/wp-json\/wp\/v2\/types\/post"}],"author":[{"embeddable":true,"href":"https:\/\/laredlarioja.com.ar\/sitio\/wp-json\/wp\/v2\/users\/7"}],"replies":[{"embeddable":true,"href":"https:\/\/laredlarioja.com.ar\/sitio\/wp-json\/wp\/v2\/comments?post=77634"}],"version-history":[{"count":1,"href":"https:\/\/laredlarioja.com.ar\/sitio\/wp-json\/wp\/v2\/posts\/77634\/revisions"}],"predecessor-version":[{"id":77635,"href":"https:\/\/laredlarioja.com.ar\/sitio\/wp-json\/wp\/v2\/posts\/77634\/revisions\/77635"}],"wp:featuredmedia":[{"embeddable":true,"href":"https:\/\/laredlarioja.com.ar\/sitio\/wp-json\/wp\/v2\/media\/75472"}],"wp:attachment":[{"href":"https:\/\/laredlarioja.com.ar\/sitio\/wp-json\/wp\/v2\/media?parent=77634"}],"wp:term":[{"taxonomy":"category","embeddable":true,"href":"https:\/\/laredlarioja.com.ar\/sitio\/wp-json\/wp\/v2\/categories?post=77634"},{"taxonomy":"post_tag","embeddable":true,"href":"https:\/\/laredlarioja.com.ar\/sitio\/wp-json\/wp\/v2\/tags?post=77634"}],"curies":[{"name":"wp","href":"https:\/\/api.w.org\/{rel}","templated":true}]}}