{"id":77641,"date":"2026-04-29T00:33:17","date_gmt":"2026-04-29T00:33:17","guid":{"rendered":"https:\/\/laredlarioja.com.ar\/sitio\/?p=77641"},"modified":"2026-04-29T00:43:06","modified_gmt":"2026-04-29T00:43:06","slug":"transporte-publico-no-habra-servicio-el-1-de-mayo-y-se-normaliza-parcialmente-el-sabado","status":"publish","type":"post","link":"https:\/\/laredlarioja.com.ar\/sitio\/transporte-publico-no-habra-servicio-el-1-de-mayo-y-se-normaliza-parcialmente-el-sabado\/","title":{"rendered":"Rioja Bus inform\u00f3 que no habr\u00e1 servicio el 1 de mayo y se normaliza parcialmente el s\u00e1bado"},"content":{"rendered":"<p>Las empresas de transporte p\u00fablico informaron\u00a0 que este viernes 1 de mayo no se prestar\u00e1 el servicio de pasajeros en toda la red, en el marco de la jornada feriada.<\/p>\n<p>Asimismo, se indic\u00f3 que el s\u00e1bado 2 de mayo el servicio se reanudar\u00e1, aunque con modificaciones:<strong> las unidades comenzar\u00e1n a circular a partir de las 6 de la ma\u00f1ana.\u00a0<\/strong>En cuanto a las l\u00edneas rurales, desde las empresas aclararon que no funcionar\u00e1n durante este esquema especial. No obstante, el jueves 30 de abril s\u00ed estar\u00e1 operativa la l\u00ednea correspondiente a la Ruta N\u00b0 6.<br \/>\nSe recomienda a la comunidad tener en cuenta estas disposiciones para organizar sus traslados con anticipaci\u00f3n y evitar inconvenientes.<\/p>\n","protected":false},"excerpt":{"rendered":"<p>Las empresas de transporte p\u00fablico informaron\u00a0 que este viernes 1 de mayo no se prestar\u00e1 el servicio de<\/p>\n","protected":false},"author":7,"featured_media":31102,"comment_status":"closed","ping_status":"open","sticky":false,"template":"","format":"standard","meta":{"footnotes":""},"categories":[94],"tags":[84],"class_list":["post-77641","post","type-post","status-publish","format-standard","has-post-thumbnail","hentry","category-locales","tag-secundaria"],"yoast_head":"<!-- This site is optimized with the Yoast SEO plugin v27.4 - https:\/\/yoast.com\/product\/yoast-seo-wordpress\/ -->\n<title>Rioja Bus inform\u00f3 que no habr\u00e1 servicio el 1 de mayo y se normaliza parcialmente el s\u00e1bado - LA RED 88.3 LA RIOJA<\/title>\n<meta name=\"robots\" content=\"index, follow, max-snippet:-1, max-image-preview:large, max-video-preview:-1\" \/>\n<link rel=\"canonical\" href=\"https:\/\/laredlarioja.com.ar\/sitio\/transporte-publico-no-habra-servicio-el-1-de-mayo-y-se-normaliza-parcialmente-el-sabado\/\" \/>\n<meta property=\"og:locale\" content=\"es_ES\" \/>\n<meta property=\"og:type\" content=\"article\" \/>\n<meta property=\"og:title\" content=\"Rioja Bus inform\u00f3 que no habr\u00e1 servicio el 1 de mayo y se normaliza parcialmente el s\u00e1bado - LA RED 88.3 LA RIOJA\" \/>\n<meta property=\"og:description\" content=\"Las empresas de transporte p\u00fablico informaron\u00a0 que este viernes 1 de mayo no se prestar\u00e1 el servicio de\" \/>\n<meta property=\"og:url\" content=\"https:\/\/laredlarioja.com.ar\/sitio\/transporte-publico-no-habra-servicio-el-1-de-mayo-y-se-normaliza-parcialmente-el-sabado\/\" \/>\n<meta property=\"og:site_name\" content=\"LA RED 88.3 LA RIOJA\" \/>\n<meta property=\"article:publisher\" content=\"https:\/\/www.facebook.com\/lared.larioja\" \/>\n<meta property=\"article:published_time\" content=\"2026-04-29T00:33:17+00:00\" \/>\n<meta property=\"article:modified_time\" content=\"2026-04-29T00:43:06+00:00\" \/>\n<meta property=\"og:image\" content=\"https:\/\/laredlarioja.com.ar\/sitio\/wp-content\/uploads\/2023\/05\/RIOJA-BUS.webp\" \/>\n\t<meta property=\"og:image:width\" content=\"900\" \/>\n\t<meta property=\"og:image:height\" content=\"600\" \/>\n\t<meta property=\"og:image:type\" content=\"image\/webp\" \/>\n<meta name=\"author\" content=\"Anabella Soria\" \/>\n<meta name=\"twitter:card\" content=\"summary_large_image\" \/>\n<meta name=\"twitter:creator\" content=\"@laredlarioja1\" \/>\n<meta name=\"twitter:site\" content=\"@laredlarioja1\" \/>\n<meta name=\"twitter:label1\" content=\"Escrito por\" \/>\n\t<meta name=\"twitter:data1\" content=\"Anabella Soria\" \/>\n\t<meta name=\"twitter:label2\" content=\"Tiempo de lectura\" \/>\n\t<meta name=\"twitter:data2\" content=\"1 minuto\" \/>\n<script type=\"application\/ld+json\" class=\"yoast-schema-graph\">{\"@context\":\"https:\\\/\\\/schema.org\",\"@graph\":[{\"@type\":\"Article\",\"@id\":\"https:\\\/\\\/laredlarioja.com.ar\\\/sitio\\\/transporte-publico-no-habra-servicio-el-1-de-mayo-y-se-normaliza-parcialmente-el-sabado\\\/#article\",\"isPartOf\":{\"@id\":\"https:\\\/\\\/laredlarioja.com.ar\\\/sitio\\\/transporte-publico-no-habra-servicio-el-1-de-mayo-y-se-normaliza-parcialmente-el-sabado\\\/\"},\"author\":{\"name\":\"Anabella Soria\",\"@id\":\"https:\\\/\\\/laredlarioja.com.ar\\\/sitio\\\/#\\\/schema\\\/person\\\/31f88059d20c5cf06e974fd895aec56e\"},\"headline\":\"Rioja Bus inform\u00f3 que no habr\u00e1 servicio el 1 de mayo y se normaliza parcialmente el s\u00e1bado\",\"datePublished\":\"2026-04-29T00:33:17+00:00\",\"dateModified\":\"2026-04-29T00:43:06+00:00\",\"mainEntityOfPage\":{\"@id\":\"https:\\\/\\\/laredlarioja.com.ar\\\/sitio\\\/transporte-publico-no-habra-servicio-el-1-de-mayo-y-se-normaliza-parcialmente-el-sabado\\\/\"},\"wordCount\":133,\"publisher\":{\"@id\":\"https:\\\/\\\/laredlarioja.com.ar\\\/sitio\\\/#organization\"},\"image\":{\"@id\":\"https:\\\/\\\/laredlarioja.com.ar\\\/sitio\\\/transporte-publico-no-habra-servicio-el-1-de-mayo-y-se-normaliza-parcialmente-el-sabado\\\/#primaryimage\"},\"thumbnailUrl\":\"https:\\\/\\\/laredlarioja.com.ar\\\/sitio\\\/wp-content\\\/uploads\\\/2023\\\/05\\\/RIOJA-BUS.webp\",\"keywords\":[\"Secundaria\"],\"articleSection\":[\"Locales\"],\"inLanguage\":\"es\"},{\"@type\":\"WebPage\",\"@id\":\"https:\\\/\\\/laredlarioja.com.ar\\\/sitio\\\/transporte-publico-no-habra-servicio-el-1-de-mayo-y-se-normaliza-parcialmente-el-sabado\\\/\",\"url\":\"https:\\\/\\\/laredlarioja.com.ar\\\/sitio\\\/transporte-publico-no-habra-servicio-el-1-de-mayo-y-se-normaliza-parcialmente-el-sabado\\\/\",\"name\":\"Rioja Bus inform\u00f3 que no habr\u00e1 servicio el 1 de mayo y se normaliza parcialmente el s\u00e1bado - LA RED 88.3 LA RIOJA\",\"isPartOf\":{\"@id\":\"https:\\\/\\\/laredlarioja.com.ar\\\/sitio\\\/#website\"},\"primaryImageOfPage\":{\"@id\":\"https:\\\/\\\/laredlarioja.com.ar\\\/sitio\\\/transporte-publico-no-habra-servicio-el-1-de-mayo-y-se-normaliza-parcialmente-el-sabado\\\/#primaryimage\"},\"image\":{\"@id\":\"https:\\\/\\\/laredlarioja.com.ar\\\/sitio\\\/transporte-publico-no-habra-servicio-el-1-de-mayo-y-se-normaliza-parcialmente-el-sabado\\\/#primaryimage\"},\"thumbnailUrl\":\"https:\\\/\\\/laredlarioja.com.ar\\\/sitio\\\/wp-content\\\/uploads\\\/2023\\\/05\\\/RIOJA-BUS.webp\",\"datePublished\":\"2026-04-29T00:33:17+00:00\",\"dateModified\":\"2026-04-29T00:43:06+00:00\",\"breadcrumb\":{\"@id\":\"https:\\\/\\\/laredlarioja.com.ar\\\/sitio\\\/transporte-publico-no-habra-servicio-el-1-de-mayo-y-se-normaliza-parcialmente-el-sabado\\\/#breadcrumb\"},\"inLanguage\":\"es\",\"potentialAction\":[{\"@type\":\"ReadAction\",\"target\":[\"https:\\\/\\\/laredlarioja.com.ar\\\/sitio\\\/transporte-publico-no-habra-servicio-el-1-de-mayo-y-se-normaliza-parcialmente-el-sabado\\\/\"]}]},{\"@type\":\"ImageObject\",\"inLanguage\":\"es\",\"@id\":\"https:\\\/\\\/laredlarioja.com.ar\\\/sitio\\\/transporte-publico-no-habra-servicio-el-1-de-mayo-y-se-normaliza-parcialmente-el-sabado\\\/#primaryimage\",\"url\":\"https:\\\/\\\/laredlarioja.com.ar\\\/sitio\\\/wp-content\\\/uploads\\\/2023\\\/05\\\/RIOJA-BUS.webp\",\"contentUrl\":\"https:\\\/\\\/laredlarioja.com.ar\\\/sitio\\\/wp-content\\\/uploads\\\/2023\\\/05\\\/RIOJA-BUS.webp\",\"width\":900,\"height\":600},{\"@type\":\"BreadcrumbList\",\"@id\":\"https:\\\/\\\/laredlarioja.com.ar\\\/sitio\\\/transporte-publico-no-habra-servicio-el-1-de-mayo-y-se-normaliza-parcialmente-el-sabado\\\/#breadcrumb\",\"itemListElement\":[{\"@type\":\"ListItem\",\"position\":1,\"name\":\"Portada\",\"item\":\"https:\\\/\\\/laredlarioja.com.ar\\\/sitio\\\/\"},{\"@type\":\"ListItem\",\"position\":2,\"name\":\"Rioja Bus inform\u00f3 que no habr\u00e1 servicio el 1 de mayo y se normaliza parcialmente el s\u00e1bado\"}]},{\"@type\":\"WebSite\",\"@id\":\"https:\\\/\\\/laredlarioja.com.ar\\\/sitio\\\/#website\",\"url\":\"https:\\\/\\\/laredlarioja.com.ar\\\/sitio\\\/\",\"name\":\"LA RED 88.3 LA RIOJA\",\"description\":\"Sitio de Noticias\",\"publisher\":{\"@id\":\"https:\\\/\\\/laredlarioja.com.ar\\\/sitio\\\/#organization\"},\"potentialAction\":[{\"@type\":\"SearchAction\",\"target\":{\"@type\":\"EntryPoint\",\"urlTemplate\":\"https:\\\/\\\/laredlarioja.com.ar\\\/sitio\\\/?s={search_term_string}\"},\"query-input\":{\"@type\":\"PropertyValueSpecification\",\"valueRequired\":true,\"valueName\":\"search_term_string\"}}],\"inLanguage\":\"es\"},{\"@type\":\"Organization\",\"@id\":\"https:\\\/\\\/laredlarioja.com.ar\\\/sitio\\\/#organization\",\"name\":\"LA RED 88.3 LA RIOJA\",\"url\":\"https:\\\/\\\/laredlarioja.com.ar\\\/sitio\\\/\",\"logo\":{\"@type\":\"ImageObject\",\"inLanguage\":\"es\",\"@id\":\"https:\\\/\\\/laredlarioja.com.ar\\\/sitio\\\/#\\\/schema\\\/logo\\\/image\\\/\",\"url\":\"https:\\\/\\\/laredlarioja.com.ar\\\/sitio\\\/wp-content\\\/uploads\\\/2025\\\/05\\\/LOGO-LA-RED.png\",\"contentUrl\":\"https:\\\/\\\/laredlarioja.com.ar\\\/sitio\\\/wp-content\\\/uploads\\\/2025\\\/05\\\/LOGO-LA-RED.png\",\"width\":193,\"height\":340,\"caption\":\"LA RED 88.3 LA RIOJA\"},\"image\":{\"@id\":\"https:\\\/\\\/laredlarioja.com.ar\\\/sitio\\\/#\\\/schema\\\/logo\\\/image\\\/\"},\"sameAs\":[\"https:\\\/\\\/www.facebook.com\\\/lared.larioja\",\"https:\\\/\\\/x.com\\\/laredlarioja1\",\"https:\\\/\\\/www.instagram.com\\\/lared_larioja\\\/\"]},{\"@type\":\"Person\",\"@id\":\"https:\\\/\\\/laredlarioja.com.ar\\\/sitio\\\/#\\\/schema\\\/person\\\/31f88059d20c5cf06e974fd895aec56e\",\"name\":\"Anabella Soria\",\"url\":\"https:\\\/\\\/laredlarioja.com.ar\\\/sitio\\\/author\\\/asoria\\\/\"}]}<\/script>\n<!-- \/ Yoast SEO plugin. -->","yoast_head_json":{"title":"Rioja Bus inform\u00f3 que no habr\u00e1 servicio el 1 de mayo y se normaliza parcialmente el s\u00e1bado - LA RED 88.3 LA RIOJA","robots":{"index":"index","follow":"follow","max-snippet":"max-snippet:-1","max-image-preview":"max-image-preview:large","max-video-preview":"max-video-preview:-1"},"canonical":"https:\/\/laredlarioja.com.ar\/sitio\/transporte-publico-no-habra-servicio-el-1-de-mayo-y-se-normaliza-parcialmente-el-sabado\/","og_locale":"es_ES","og_type":"article","og_title":"Rioja Bus inform\u00f3 que no habr\u00e1 servicio el 1 de mayo y se normaliza parcialmente el s\u00e1bado - LA RED 88.3 LA RIOJA","og_description":"Las empresas de transporte p\u00fablico informaron\u00a0 que este viernes 1 de mayo no se prestar\u00e1 el servicio de","og_url":"https:\/\/laredlarioja.com.ar\/sitio\/transporte-publico-no-habra-servicio-el-1-de-mayo-y-se-normaliza-parcialmente-el-sabado\/","og_site_name":"LA RED 88.3 LA RIOJA","article_publisher":"https:\/\/www.facebook.com\/lared.larioja","article_published_time":"2026-04-29T00:33:17+00:00","article_modified_time":"2026-04-29T00:43:06+00:00","og_image":[{"width":900,"height":600,"url":"https:\/\/laredlarioja.com.ar\/sitio\/wp-content\/uploads\/2023\/05\/RIOJA-BUS.webp","type":"image\/webp"}],"author":"Anabella Soria","twitter_card":"summary_large_image","twitter_creator":"@laredlarioja1","twitter_site":"@laredlarioja1","twitter_misc":{"Escrito por":"Anabella Soria","Tiempo de lectura":"1 minuto"},"schema":{"@context":"https:\/\/schema.org","@graph":[{"@type":"Article","@id":"https:\/\/laredlarioja.com.ar\/sitio\/transporte-publico-no-habra-servicio-el-1-de-mayo-y-se-normaliza-parcialmente-el-sabado\/#article","isPartOf":{"@id":"https:\/\/laredlarioja.com.ar\/sitio\/transporte-publico-no-habra-servicio-el-1-de-mayo-y-se-normaliza-parcialmente-el-sabado\/"},"author":{"name":"Anabella Soria","@id":"https:\/\/laredlarioja.com.ar\/sitio\/#\/schema\/person\/31f88059d20c5cf06e974fd895aec56e"},"headline":"Rioja Bus inform\u00f3 que no habr\u00e1 servicio el 1 de mayo y se normaliza parcialmente el s\u00e1bado","datePublished":"2026-04-29T00:33:17+00:00","dateModified":"2026-04-29T00:43:06+00:00","mainEntityOfPage":{"@id":"https:\/\/laredlarioja.com.ar\/sitio\/transporte-publico-no-habra-servicio-el-1-de-mayo-y-se-normaliza-parcialmente-el-sabado\/"},"wordCount":133,"publisher":{"@id":"https:\/\/laredlarioja.com.ar\/sitio\/#organization"},"image":{"@id":"https:\/\/laredlarioja.com.ar\/sitio\/transporte-publico-no-habra-servicio-el-1-de-mayo-y-se-normaliza-parcialmente-el-sabado\/#primaryimage"},"thumbnailUrl":"https:\/\/laredlarioja.com.ar\/sitio\/wp-content\/uploads\/2023\/05\/RIOJA-BUS.webp","keywords":["Secundaria"],"articleSection":["Locales"],"inLanguage":"es"},{"@type":"WebPage","@id":"https:\/\/laredlarioja.com.ar\/sitio\/transporte-publico-no-habra-servicio-el-1-de-mayo-y-se-normaliza-parcialmente-el-sabado\/","url":"https:\/\/laredlarioja.com.ar\/sitio\/transporte-publico-no-habra-servicio-el-1-de-mayo-y-se-normaliza-parcialmente-el-sabado\/","name":"Rioja Bus inform\u00f3 que no habr\u00e1 servicio el 1 de mayo y se normaliza parcialmente el s\u00e1bado - LA RED 88.3 LA RIOJA","isPartOf":{"@id":"https:\/\/laredlarioja.com.ar\/sitio\/#website"},"primaryImageOfPage":{"@id":"https:\/\/laredlarioja.com.ar\/sitio\/transporte-publico-no-habra-servicio-el-1-de-mayo-y-se-normaliza-parcialmente-el-sabado\/#primaryimage"},"image":{"@id":"https:\/\/laredlarioja.com.ar\/sitio\/transporte-publico-no-habra-servicio-el-1-de-mayo-y-se-normaliza-parcialmente-el-sabado\/#primaryimage"},"thumbnailUrl":"https:\/\/laredlarioja.com.ar\/sitio\/wp-content\/uploads\/2023\/05\/RIOJA-BUS.webp","datePublished":"2026-04-29T00:33:17+00:00","dateModified":"2026-04-29T00:43:06+00:00","breadcrumb":{"@id":"https:\/\/laredlarioja.com.ar\/sitio\/transporte-publico-no-habra-servicio-el-1-de-mayo-y-se-normaliza-parcialmente-el-sabado\/#breadcrumb"},"inLanguage":"es","potentialAction":[{"@type":"ReadAction","target":["https:\/\/laredlarioja.com.ar\/sitio\/transporte-publico-no-habra-servicio-el-1-de-mayo-y-se-normaliza-parcialmente-el-sabado\/"]}]},{"@type":"ImageObject","inLanguage":"es","@id":"https:\/\/laredlarioja.com.ar\/sitio\/transporte-publico-no-habra-servicio-el-1-de-mayo-y-se-normaliza-parcialmente-el-sabado\/#primaryimage","url":"https:\/\/laredlarioja.com.ar\/sitio\/wp-content\/uploads\/2023\/05\/RIOJA-BUS.webp","contentUrl":"https:\/\/laredlarioja.com.ar\/sitio\/wp-content\/uploads\/2023\/05\/RIOJA-BUS.webp","width":900,"height":600},{"@type":"BreadcrumbList","@id":"https:\/\/laredlarioja.com.ar\/sitio\/transporte-publico-no-habra-servicio-el-1-de-mayo-y-se-normaliza-parcialmente-el-sabado\/#breadcrumb","itemListElement":[{"@type":"ListItem","position":1,"name":"Portada","item":"https:\/\/laredlarioja.com.ar\/sitio\/"},{"@type":"ListItem","position":2,"name":"Rioja Bus inform\u00f3 que no habr\u00e1 servicio el 1 de mayo y se normaliza parcialmente el s\u00e1bado"}]},{"@type":"WebSite","@id":"https:\/\/laredlarioja.com.ar\/sitio\/#website","url":"https:\/\/laredlarioja.com.ar\/sitio\/","name":"LA RED 88.3 LA RIOJA","description":"Sitio de Noticias","publisher":{"@id":"https:\/\/laredlarioja.com.ar\/sitio\/#organization"},"potentialAction":[{"@type":"SearchAction","target":{"@type":"EntryPoint","urlTemplate":"https:\/\/laredlarioja.com.ar\/sitio\/?s={search_term_string}"},"query-input":{"@type":"PropertyValueSpecification","valueRequired":true,"valueName":"search_term_string"}}],"inLanguage":"es"},{"@type":"Organization","@id":"https:\/\/laredlarioja.com.ar\/sitio\/#organization","name":"LA RED 88.3 LA RIOJA","url":"https:\/\/laredlarioja.com.ar\/sitio\/","logo":{"@type":"ImageObject","inLanguage":"es","@id":"https:\/\/laredlarioja.com.ar\/sitio\/#\/schema\/logo\/image\/","url":"https:\/\/laredlarioja.com.ar\/sitio\/wp-content\/uploads\/2025\/05\/LOGO-LA-RED.png","contentUrl":"https:\/\/laredlarioja.com.ar\/sitio\/wp-content\/uploads\/2025\/05\/LOGO-LA-RED.png","width":193,"height":340,"caption":"LA RED 88.3 LA RIOJA"},"image":{"@id":"https:\/\/laredlarioja.com.ar\/sitio\/#\/schema\/logo\/image\/"},"sameAs":["https:\/\/www.facebook.com\/lared.larioja","https:\/\/x.com\/laredlarioja1","https:\/\/www.instagram.com\/lared_larioja\/"]},{"@type":"Person","@id":"https:\/\/laredlarioja.com.ar\/sitio\/#\/schema\/person\/31f88059d20c5cf06e974fd895aec56e","name":"Anabella Soria","url":"https:\/\/laredlarioja.com.ar\/sitio\/author\/asoria\/"}]}},"featured_image_urls":{"full":["https:\/\/laredlarioja.com.ar\/sitio\/wp-content\/uploads\/2023\/05\/RIOJA-BUS.webp",900,600,false],"thumbnail":["https:\/\/laredlarioja.com.ar\/sitio\/wp-content\/uploads\/2023\/05\/RIOJA-BUS-150x150.webp",150,150,true],"medium":["https:\/\/laredlarioja.com.ar\/sitio\/wp-content\/uploads\/2023\/05\/RIOJA-BUS-300x200.webp",300,200,true],"medium_large":["https:\/\/laredlarioja.com.ar\/sitio\/wp-content\/uploads\/2023\/05\/RIOJA-BUS-768x512.webp",640,427,true],"large":["https:\/\/laredlarioja.com.ar\/sitio\/wp-content\/uploads\/2023\/05\/RIOJA-BUS.webp",640,427,false],"1536x1536":["https:\/\/laredlarioja.com.ar\/sitio\/wp-content\/uploads\/2023\/05\/RIOJA-BUS.webp",900,600,false],"2048x2048":["https:\/\/laredlarioja.com.ar\/sitio\/wp-content\/uploads\/2023\/05\/RIOJA-BUS.webp",900,600,false],"cvmm-medium":["https:\/\/laredlarioja.com.ar\/sitio\/wp-content\/uploads\/2023\/05\/RIOJA-BUS-300x300.webp",300,300,true],"cvmm-medium-plus":["https:\/\/laredlarioja.com.ar\/sitio\/wp-content\/uploads\/2023\/05\/RIOJA-BUS-305x207.webp",305,207,true],"cvmm-portrait":["https:\/\/laredlarioja.com.ar\/sitio\/wp-content\/uploads\/2023\/05\/RIOJA-BUS-400x600.webp",400,600,true],"cvmm-medium-square":["https:\/\/laredlarioja.com.ar\/sitio\/wp-content\/uploads\/2023\/05\/RIOJA-BUS-600x600.webp",600,600,true],"cvmm-large":["https:\/\/laredlarioja.com.ar\/sitio\/wp-content\/uploads\/2023\/05\/RIOJA-BUS.webp",900,600,false],"cvmm-small":["https:\/\/laredlarioja.com.ar\/sitio\/wp-content\/uploads\/2023\/05\/RIOJA-BUS-130x95.webp",130,95,true],"morenews-large":["https:\/\/laredlarioja.com.ar\/sitio\/wp-content\/uploads\/2023\/05\/RIOJA-BUS-825x575.webp",825,575,true],"morenews-medium":["https:\/\/laredlarioja.com.ar\/sitio\/wp-content\/uploads\/2023\/05\/RIOJA-BUS-590x410.webp",590,410,true]},"author_info":{"display_name":"Anabella Soria","author_link":"https:\/\/laredlarioja.com.ar\/sitio\/author\/asoria\/"},"category_info":"<a href=\"https:\/\/laredlarioja.com.ar\/sitio\/categorias\/locales\/\" rel=\"category tag\">Locales<\/a>","tag_info":"Locales","comment_count":"0","blog_post_layout_featured_media_urls":{"thumbnail":["https:\/\/laredlarioja.com.ar\/sitio\/wp-content\/uploads\/2023\/05\/RIOJA-BUS-150x150.webp",150,150,true],"full":["https:\/\/laredlarioja.com.ar\/sitio\/wp-content\/uploads\/2023\/05\/RIOJA-BUS.webp",900,600,false]},"categories_names":{"94":{"name":"Locales","link":"https:\/\/laredlarioja.com.ar\/sitio\/categorias\/locales\/"}},"tags_names":{"84":{"name":"Secundaria","link":"https:\/\/laredlarioja.com.ar\/sitio\/etiquetas\/secundaria\/"}},"comments_number":"0","wpmagazine_modules_lite_featured_media_urls":{"thumbnail":["https:\/\/laredlarioja.com.ar\/sitio\/wp-content\/uploads\/2023\/05\/RIOJA-BUS-150x150.webp",150,150,true],"cvmm-medium":["https:\/\/laredlarioja.com.ar\/sitio\/wp-content\/uploads\/2023\/05\/RIOJA-BUS-300x300.webp",300,300,true],"cvmm-medium-plus":["https:\/\/laredlarioja.com.ar\/sitio\/wp-content\/uploads\/2023\/05\/RIOJA-BUS-305x207.webp",305,207,true],"cvmm-portrait":["https:\/\/laredlarioja.com.ar\/sitio\/wp-content\/uploads\/2023\/05\/RIOJA-BUS-400x600.webp",400,600,true],"cvmm-medium-square":["https:\/\/laredlarioja.com.ar\/sitio\/wp-content\/uploads\/2023\/05\/RIOJA-BUS-600x600.webp",600,600,true],"cvmm-large":["https:\/\/laredlarioja.com.ar\/sitio\/wp-content\/uploads\/2023\/05\/RIOJA-BUS.webp",900,600,false],"cvmm-small":["https:\/\/laredlarioja.com.ar\/sitio\/wp-content\/uploads\/2023\/05\/RIOJA-BUS-130x95.webp",130,95,true],"full":["https:\/\/laredlarioja.com.ar\/sitio\/wp-content\/uploads\/2023\/05\/RIOJA-BUS.webp",900,600,false]},"_links":{"self":[{"href":"https:\/\/laredlarioja.com.ar\/sitio\/wp-json\/wp\/v2\/posts\/77641","targetHints":{"allow":["GET"]}}],"collection":[{"href":"https:\/\/laredlarioja.com.ar\/sitio\/wp-json\/wp\/v2\/posts"}],"about":[{"href":"https:\/\/laredlarioja.com.ar\/sitio\/wp-json\/wp\/v2\/types\/post"}],"author":[{"embeddable":true,"href":"https:\/\/laredlarioja.com.ar\/sitio\/wp-json\/wp\/v2\/users\/7"}],"replies":[{"embeddable":true,"href":"https:\/\/laredlarioja.com.ar\/sitio\/wp-json\/wp\/v2\/comments?post=77641"}],"version-history":[{"count":4,"href":"https:\/\/laredlarioja.com.ar\/sitio\/wp-json\/wp\/v2\/posts\/77641\/revisions"}],"predecessor-version":[{"id":77648,"href":"https:\/\/laredlarioja.com.ar\/sitio\/wp-json\/wp\/v2\/posts\/77641\/revisions\/77648"}],"wp:featuredmedia":[{"embeddable":true,"href":"https:\/\/laredlarioja.com.ar\/sitio\/wp-json\/wp\/v2\/media\/31102"}],"wp:attachment":[{"href":"https:\/\/laredlarioja.com.ar\/sitio\/wp-json\/wp\/v2\/media?parent=77641"}],"wp:term":[{"taxonomy":"category","embeddable":true,"href":"https:\/\/laredlarioja.com.ar\/sitio\/wp-json\/wp\/v2\/categories?post=77641"},{"taxonomy":"post_tag","embeddable":true,"href":"https:\/\/laredlarioja.com.ar\/sitio\/wp-json\/wp\/v2\/tags?post=77641"}],"curies":[{"name":"wp","href":"https:\/\/api.w.org\/{rel}","templated":true}]}}