{"id":77643,"date":"2026-04-29T00:38:10","date_gmt":"2026-04-29T00:38:10","guid":{"rendered":"https:\/\/laredlarioja.com.ar\/sitio\/?p=77643"},"modified":"2026-04-29T00:38:10","modified_gmt":"2026-04-29T00:38:10","slug":"desde-eucop-aseguran-que-no-se-incorporan-cargos-ni-impuestos-a-las-boletas-de-energia","status":"publish","type":"post","link":"https:\/\/laredlarioja.com.ar\/sitio\/desde-eucop-aseguran-que-no-se-incorporan-cargos-ni-impuestos-a-las-boletas-de-energia\/","title":{"rendered":"Desde Eucop aseguran que no se incorporan cargos ni impuestos a las boletas de energ\u00eda"},"content":{"rendered":"<p>El titular del EUCOP, Remo Bolognesi, explic\u00f3 que la aplicaci\u00f3n del decreto 1037\/2025 apunta a corregir el corrimiento de 30 d\u00edas en los vencimientos de las facturas de servicios p\u00fablicos dispuesto durante la pandemia. Adem\u00e1s, precis\u00f3 que la regularizaci\u00f3n se implementar\u00e1 en ocho cuotas para reducir el impacto en los usuarios y remarc\u00f3 que \u201cno se trata de un impuesto nuevo ni de un cargo adicional\u201d.<\/p>\n<p>Bolognesi indic\u00f3 que el desplazamiento de vencimientos hab\u00eda sido establecido en 2020, en el contexto de la emergencia sanitaria y econ\u00f3mica, mediante el decreto 892\/2020. A partir de entonces, los usuarios pasaron a abonar sus servicios a los 60 d\u00edas del per\u00edodo consumido, cuando la modalidad habitual establece pagos a 30 d\u00edas.<\/p>\n<p>En ese marco, se\u00f1al\u00f3 que el decreto 1037\/2025 busca normalizar la situaci\u00f3n y restablecer el esquema regular de facturaci\u00f3n. Explic\u00f3 que, ante esta medida, el Ente \u00danico de Control sugiri\u00f3 inicialmente que el monto correspondiente al per\u00edodo a regularizar pudiera abonarse en tres cuotas. Sin embargo, luego de conversaciones con la empresa distribuidora, se acord\u00f3 extender el mecanismo a ocho cuotas consecutivas.<\/p>\n<p>De esta manera, cada usuario abonar\u00e1 una octava parte del monto correspondiente al per\u00edodo a corregir junto con las pr\u00f3ximas facturas, evitando un impacto econ\u00f3mico significativo.<\/p>\n<p>Finalmente, Bolognesi remarc\u00f3 que \u201cno hay un impuesto inventado, ni una tasa, ni una erogaci\u00f3n adicional\u201d, sino una adecuaci\u00f3n destinada a corregir el corrimiento excepcional aplicado durante la pandemia y volver al esquema normal de pago de los servicios p\u00fablicos.<\/p>\n","protected":false},"excerpt":{"rendered":"<p>El titular del EUCOP, Remo Bolognesi, explic\u00f3 que la aplicaci\u00f3n del decreto 1037\/2025 apunta a corregir el corrimiento<\/p>\n","protected":false},"author":7,"featured_media":48844,"comment_status":"closed","ping_status":"open","sticky":false,"template":"","format":"standard","meta":{"footnotes":""},"categories":[100],"tags":[132],"class_list":["post-77643","post","type-post","status-publish","format-standard","has-post-thumbnail","hentry","category-tapa","tag-secundairas"],"yoast_head":"<!-- This site is optimized with the Yoast SEO plugin v27.4 - https:\/\/yoast.com\/product\/yoast-seo-wordpress\/ -->\n<title>Desde Eucop aseguran que no se incorporan cargos ni impuestos a las boletas de energ\u00eda - LA RED 88.3 LA RIOJA<\/title>\n<meta name=\"robots\" content=\"index, follow, max-snippet:-1, max-image-preview:large, max-video-preview:-1\" \/>\n<link rel=\"canonical\" href=\"https:\/\/laredlarioja.com.ar\/sitio\/desde-eucop-aseguran-que-no-se-incorporan-cargos-ni-impuestos-a-las-boletas-de-energia\/\" \/>\n<meta property=\"og:locale\" content=\"es_ES\" \/>\n<meta property=\"og:type\" content=\"article\" \/>\n<meta property=\"og:title\" content=\"Desde Eucop aseguran que no se incorporan cargos ni impuestos a las boletas de energ\u00eda - LA RED 88.3 LA RIOJA\" \/>\n<meta property=\"og:description\" content=\"El titular del EUCOP, Remo Bolognesi, explic\u00f3 que la aplicaci\u00f3n del decreto 1037\/2025 apunta a corregir el corrimiento\" \/>\n<meta property=\"og:url\" content=\"https:\/\/laredlarioja.com.ar\/sitio\/desde-eucop-aseguran-que-no-se-incorporan-cargos-ni-impuestos-a-las-boletas-de-energia\/\" \/>\n<meta property=\"og:site_name\" content=\"LA RED 88.3 LA RIOJA\" \/>\n<meta property=\"article:publisher\" content=\"https:\/\/www.facebook.com\/lared.larioja\" \/>\n<meta property=\"article:published_time\" content=\"2026-04-29T00:38:10+00:00\" \/>\n<meta property=\"og:image\" content=\"https:\/\/laredlarioja.com.ar\/sitio\/wp-content\/uploads\/2024\/07\/64T5WSCA65DBTEW3RD7ZOGC5ZM-1-scaled.jpg\" \/>\n\t<meta property=\"og:image:width\" content=\"2560\" \/>\n\t<meta property=\"og:image:height\" content=\"1682\" \/>\n\t<meta property=\"og:image:type\" content=\"image\/jpeg\" \/>\n<meta name=\"author\" content=\"Anabella Soria\" \/>\n<meta name=\"twitter:card\" content=\"summary_large_image\" \/>\n<meta name=\"twitter:creator\" content=\"@laredlarioja1\" \/>\n<meta name=\"twitter:site\" content=\"@laredlarioja1\" \/>\n<meta name=\"twitter:label1\" content=\"Escrito por\" \/>\n\t<meta name=\"twitter:data1\" content=\"Anabella Soria\" \/>\n\t<meta name=\"twitter:label2\" content=\"Tiempo de lectura\" \/>\n\t<meta name=\"twitter:data2\" content=\"2 minutos\" \/>\n<script type=\"application\/ld+json\" class=\"yoast-schema-graph\">{\"@context\":\"https:\\\/\\\/schema.org\",\"@graph\":[{\"@type\":\"Article\",\"@id\":\"https:\\\/\\\/laredlarioja.com.ar\\\/sitio\\\/desde-eucop-aseguran-que-no-se-incorporan-cargos-ni-impuestos-a-las-boletas-de-energia\\\/#article\",\"isPartOf\":{\"@id\":\"https:\\\/\\\/laredlarioja.com.ar\\\/sitio\\\/desde-eucop-aseguran-que-no-se-incorporan-cargos-ni-impuestos-a-las-boletas-de-energia\\\/\"},\"author\":{\"name\":\"Anabella Soria\",\"@id\":\"https:\\\/\\\/laredlarioja.com.ar\\\/sitio\\\/#\\\/schema\\\/person\\\/31f88059d20c5cf06e974fd895aec56e\"},\"headline\":\"Desde Eucop aseguran que no se incorporan cargos ni impuestos a las boletas de energ\u00eda\",\"datePublished\":\"2026-04-29T00:38:10+00:00\",\"mainEntityOfPage\":{\"@id\":\"https:\\\/\\\/laredlarioja.com.ar\\\/sitio\\\/desde-eucop-aseguran-que-no-se-incorporan-cargos-ni-impuestos-a-las-boletas-de-energia\\\/\"},\"wordCount\":275,\"publisher\":{\"@id\":\"https:\\\/\\\/laredlarioja.com.ar\\\/sitio\\\/#organization\"},\"image\":{\"@id\":\"https:\\\/\\\/laredlarioja.com.ar\\\/sitio\\\/desde-eucop-aseguran-que-no-se-incorporan-cargos-ni-impuestos-a-las-boletas-de-energia\\\/#primaryimage\"},\"thumbnailUrl\":\"https:\\\/\\\/laredlarioja.com.ar\\\/sitio\\\/wp-content\\\/uploads\\\/2024\\\/07\\\/64T5WSCA65DBTEW3RD7ZOGC5ZM-1-scaled.jpg\",\"keywords\":[\"Secundairas\"],\"articleSection\":[\"Tapa\"],\"inLanguage\":\"es\"},{\"@type\":\"WebPage\",\"@id\":\"https:\\\/\\\/laredlarioja.com.ar\\\/sitio\\\/desde-eucop-aseguran-que-no-se-incorporan-cargos-ni-impuestos-a-las-boletas-de-energia\\\/\",\"url\":\"https:\\\/\\\/laredlarioja.com.ar\\\/sitio\\\/desde-eucop-aseguran-que-no-se-incorporan-cargos-ni-impuestos-a-las-boletas-de-energia\\\/\",\"name\":\"Desde Eucop aseguran que no se incorporan cargos ni impuestos a las boletas de energ\u00eda - LA RED 88.3 LA RIOJA\",\"isPartOf\":{\"@id\":\"https:\\\/\\\/laredlarioja.com.ar\\\/sitio\\\/#website\"},\"primaryImageOfPage\":{\"@id\":\"https:\\\/\\\/laredlarioja.com.ar\\\/sitio\\\/desde-eucop-aseguran-que-no-se-incorporan-cargos-ni-impuestos-a-las-boletas-de-energia\\\/#primaryimage\"},\"image\":{\"@id\":\"https:\\\/\\\/laredlarioja.com.ar\\\/sitio\\\/desde-eucop-aseguran-que-no-se-incorporan-cargos-ni-impuestos-a-las-boletas-de-energia\\\/#primaryimage\"},\"thumbnailUrl\":\"https:\\\/\\\/laredlarioja.com.ar\\\/sitio\\\/wp-content\\\/uploads\\\/2024\\\/07\\\/64T5WSCA65DBTEW3RD7ZOGC5ZM-1-scaled.jpg\",\"datePublished\":\"2026-04-29T00:38:10+00:00\",\"breadcrumb\":{\"@id\":\"https:\\\/\\\/laredlarioja.com.ar\\\/sitio\\\/desde-eucop-aseguran-que-no-se-incorporan-cargos-ni-impuestos-a-las-boletas-de-energia\\\/#breadcrumb\"},\"inLanguage\":\"es\",\"potentialAction\":[{\"@type\":\"ReadAction\",\"target\":[\"https:\\\/\\\/laredlarioja.com.ar\\\/sitio\\\/desde-eucop-aseguran-que-no-se-incorporan-cargos-ni-impuestos-a-las-boletas-de-energia\\\/\"]}]},{\"@type\":\"ImageObject\",\"inLanguage\":\"es\",\"@id\":\"https:\\\/\\\/laredlarioja.com.ar\\\/sitio\\\/desde-eucop-aseguran-que-no-se-incorporan-cargos-ni-impuestos-a-las-boletas-de-energia\\\/#primaryimage\",\"url\":\"https:\\\/\\\/laredlarioja.com.ar\\\/sitio\\\/wp-content\\\/uploads\\\/2024\\\/07\\\/64T5WSCA65DBTEW3RD7ZOGC5ZM-1-scaled.jpg\",\"contentUrl\":\"https:\\\/\\\/laredlarioja.com.ar\\\/sitio\\\/wp-content\\\/uploads\\\/2024\\\/07\\\/64T5WSCA65DBTEW3RD7ZOGC5ZM-1-scaled.jpg\",\"width\":2560,\"height\":1682},{\"@type\":\"BreadcrumbList\",\"@id\":\"https:\\\/\\\/laredlarioja.com.ar\\\/sitio\\\/desde-eucop-aseguran-que-no-se-incorporan-cargos-ni-impuestos-a-las-boletas-de-energia\\\/#breadcrumb\",\"itemListElement\":[{\"@type\":\"ListItem\",\"position\":1,\"name\":\"Portada\",\"item\":\"https:\\\/\\\/laredlarioja.com.ar\\\/sitio\\\/\"},{\"@type\":\"ListItem\",\"position\":2,\"name\":\"Desde Eucop aseguran que no se incorporan cargos ni impuestos a las boletas de energ\u00eda\"}]},{\"@type\":\"WebSite\",\"@id\":\"https:\\\/\\\/laredlarioja.com.ar\\\/sitio\\\/#website\",\"url\":\"https:\\\/\\\/laredlarioja.com.ar\\\/sitio\\\/\",\"name\":\"LA RED 88.3 LA RIOJA\",\"description\":\"Sitio de Noticias\",\"publisher\":{\"@id\":\"https:\\\/\\\/laredlarioja.com.ar\\\/sitio\\\/#organization\"},\"potentialAction\":[{\"@type\":\"SearchAction\",\"target\":{\"@type\":\"EntryPoint\",\"urlTemplate\":\"https:\\\/\\\/laredlarioja.com.ar\\\/sitio\\\/?s={search_term_string}\"},\"query-input\":{\"@type\":\"PropertyValueSpecification\",\"valueRequired\":true,\"valueName\":\"search_term_string\"}}],\"inLanguage\":\"es\"},{\"@type\":\"Organization\",\"@id\":\"https:\\\/\\\/laredlarioja.com.ar\\\/sitio\\\/#organization\",\"name\":\"LA RED 88.3 LA RIOJA\",\"url\":\"https:\\\/\\\/laredlarioja.com.ar\\\/sitio\\\/\",\"logo\":{\"@type\":\"ImageObject\",\"inLanguage\":\"es\",\"@id\":\"https:\\\/\\\/laredlarioja.com.ar\\\/sitio\\\/#\\\/schema\\\/logo\\\/image\\\/\",\"url\":\"https:\\\/\\\/laredlarioja.com.ar\\\/sitio\\\/wp-content\\\/uploads\\\/2025\\\/05\\\/LOGO-LA-RED.png\",\"contentUrl\":\"https:\\\/\\\/laredlarioja.com.ar\\\/sitio\\\/wp-content\\\/uploads\\\/2025\\\/05\\\/LOGO-LA-RED.png\",\"width\":193,\"height\":340,\"caption\":\"LA RED 88.3 LA RIOJA\"},\"image\":{\"@id\":\"https:\\\/\\\/laredlarioja.com.ar\\\/sitio\\\/#\\\/schema\\\/logo\\\/image\\\/\"},\"sameAs\":[\"https:\\\/\\\/www.facebook.com\\\/lared.larioja\",\"https:\\\/\\\/x.com\\\/laredlarioja1\",\"https:\\\/\\\/www.instagram.com\\\/lared_larioja\\\/\"]},{\"@type\":\"Person\",\"@id\":\"https:\\\/\\\/laredlarioja.com.ar\\\/sitio\\\/#\\\/schema\\\/person\\\/31f88059d20c5cf06e974fd895aec56e\",\"name\":\"Anabella Soria\",\"url\":\"https:\\\/\\\/laredlarioja.com.ar\\\/sitio\\\/author\\\/asoria\\\/\"}]}<\/script>\n<!-- \/ Yoast SEO plugin. -->","yoast_head_json":{"title":"Desde Eucop aseguran que no se incorporan cargos ni impuestos a las boletas de energ\u00eda - LA RED 88.3 LA RIOJA","robots":{"index":"index","follow":"follow","max-snippet":"max-snippet:-1","max-image-preview":"max-image-preview:large","max-video-preview":"max-video-preview:-1"},"canonical":"https:\/\/laredlarioja.com.ar\/sitio\/desde-eucop-aseguran-que-no-se-incorporan-cargos-ni-impuestos-a-las-boletas-de-energia\/","og_locale":"es_ES","og_type":"article","og_title":"Desde Eucop aseguran que no se incorporan cargos ni impuestos a las boletas de energ\u00eda - LA RED 88.3 LA RIOJA","og_description":"El titular del EUCOP, Remo Bolognesi, explic\u00f3 que la aplicaci\u00f3n del decreto 1037\/2025 apunta a corregir el corrimiento","og_url":"https:\/\/laredlarioja.com.ar\/sitio\/desde-eucop-aseguran-que-no-se-incorporan-cargos-ni-impuestos-a-las-boletas-de-energia\/","og_site_name":"LA RED 88.3 LA RIOJA","article_publisher":"https:\/\/www.facebook.com\/lared.larioja","article_published_time":"2026-04-29T00:38:10+00:00","og_image":[{"width":2560,"height":1682,"url":"https:\/\/laredlarioja.com.ar\/sitio\/wp-content\/uploads\/2024\/07\/64T5WSCA65DBTEW3RD7ZOGC5ZM-1-scaled.jpg","type":"image\/jpeg"}],"author":"Anabella Soria","twitter_card":"summary_large_image","twitter_creator":"@laredlarioja1","twitter_site":"@laredlarioja1","twitter_misc":{"Escrito por":"Anabella Soria","Tiempo de lectura":"2 minutos"},"schema":{"@context":"https:\/\/schema.org","@graph":[{"@type":"Article","@id":"https:\/\/laredlarioja.com.ar\/sitio\/desde-eucop-aseguran-que-no-se-incorporan-cargos-ni-impuestos-a-las-boletas-de-energia\/#article","isPartOf":{"@id":"https:\/\/laredlarioja.com.ar\/sitio\/desde-eucop-aseguran-que-no-se-incorporan-cargos-ni-impuestos-a-las-boletas-de-energia\/"},"author":{"name":"Anabella Soria","@id":"https:\/\/laredlarioja.com.ar\/sitio\/#\/schema\/person\/31f88059d20c5cf06e974fd895aec56e"},"headline":"Desde Eucop aseguran que no se incorporan cargos ni impuestos a las boletas de energ\u00eda","datePublished":"2026-04-29T00:38:10+00:00","mainEntityOfPage":{"@id":"https:\/\/laredlarioja.com.ar\/sitio\/desde-eucop-aseguran-que-no-se-incorporan-cargos-ni-impuestos-a-las-boletas-de-energia\/"},"wordCount":275,"publisher":{"@id":"https:\/\/laredlarioja.com.ar\/sitio\/#organization"},"image":{"@id":"https:\/\/laredlarioja.com.ar\/sitio\/desde-eucop-aseguran-que-no-se-incorporan-cargos-ni-impuestos-a-las-boletas-de-energia\/#primaryimage"},"thumbnailUrl":"https:\/\/laredlarioja.com.ar\/sitio\/wp-content\/uploads\/2024\/07\/64T5WSCA65DBTEW3RD7ZOGC5ZM-1-scaled.jpg","keywords":["Secundairas"],"articleSection":["Tapa"],"inLanguage":"es"},{"@type":"WebPage","@id":"https:\/\/laredlarioja.com.ar\/sitio\/desde-eucop-aseguran-que-no-se-incorporan-cargos-ni-impuestos-a-las-boletas-de-energia\/","url":"https:\/\/laredlarioja.com.ar\/sitio\/desde-eucop-aseguran-que-no-se-incorporan-cargos-ni-impuestos-a-las-boletas-de-energia\/","name":"Desde Eucop aseguran que no se incorporan cargos ni impuestos a las boletas de energ\u00eda - LA RED 88.3 LA RIOJA","isPartOf":{"@id":"https:\/\/laredlarioja.com.ar\/sitio\/#website"},"primaryImageOfPage":{"@id":"https:\/\/laredlarioja.com.ar\/sitio\/desde-eucop-aseguran-que-no-se-incorporan-cargos-ni-impuestos-a-las-boletas-de-energia\/#primaryimage"},"image":{"@id":"https:\/\/laredlarioja.com.ar\/sitio\/desde-eucop-aseguran-que-no-se-incorporan-cargos-ni-impuestos-a-las-boletas-de-energia\/#primaryimage"},"thumbnailUrl":"https:\/\/laredlarioja.com.ar\/sitio\/wp-content\/uploads\/2024\/07\/64T5WSCA65DBTEW3RD7ZOGC5ZM-1-scaled.jpg","datePublished":"2026-04-29T00:38:10+00:00","breadcrumb":{"@id":"https:\/\/laredlarioja.com.ar\/sitio\/desde-eucop-aseguran-que-no-se-incorporan-cargos-ni-impuestos-a-las-boletas-de-energia\/#breadcrumb"},"inLanguage":"es","potentialAction":[{"@type":"ReadAction","target":["https:\/\/laredlarioja.com.ar\/sitio\/desde-eucop-aseguran-que-no-se-incorporan-cargos-ni-impuestos-a-las-boletas-de-energia\/"]}]},{"@type":"ImageObject","inLanguage":"es","@id":"https:\/\/laredlarioja.com.ar\/sitio\/desde-eucop-aseguran-que-no-se-incorporan-cargos-ni-impuestos-a-las-boletas-de-energia\/#primaryimage","url":"https:\/\/laredlarioja.com.ar\/sitio\/wp-content\/uploads\/2024\/07\/64T5WSCA65DBTEW3RD7ZOGC5ZM-1-scaled.jpg","contentUrl":"https:\/\/laredlarioja.com.ar\/sitio\/wp-content\/uploads\/2024\/07\/64T5WSCA65DBTEW3RD7ZOGC5ZM-1-scaled.jpg","width":2560,"height":1682},{"@type":"BreadcrumbList","@id":"https:\/\/laredlarioja.com.ar\/sitio\/desde-eucop-aseguran-que-no-se-incorporan-cargos-ni-impuestos-a-las-boletas-de-energia\/#breadcrumb","itemListElement":[{"@type":"ListItem","position":1,"name":"Portada","item":"https:\/\/laredlarioja.com.ar\/sitio\/"},{"@type":"ListItem","position":2,"name":"Desde Eucop aseguran que no se incorporan cargos ni impuestos a las boletas de energ\u00eda"}]},{"@type":"WebSite","@id":"https:\/\/laredlarioja.com.ar\/sitio\/#website","url":"https:\/\/laredlarioja.com.ar\/sitio\/","name":"LA RED 88.3 LA RIOJA","description":"Sitio de Noticias","publisher":{"@id":"https:\/\/laredlarioja.com.ar\/sitio\/#organization"},"potentialAction":[{"@type":"SearchAction","target":{"@type":"EntryPoint","urlTemplate":"https:\/\/laredlarioja.com.ar\/sitio\/?s={search_term_string}"},"query-input":{"@type":"PropertyValueSpecification","valueRequired":true,"valueName":"search_term_string"}}],"inLanguage":"es"},{"@type":"Organization","@id":"https:\/\/laredlarioja.com.ar\/sitio\/#organization","name":"LA RED 88.3 LA RIOJA","url":"https:\/\/laredlarioja.com.ar\/sitio\/","logo":{"@type":"ImageObject","inLanguage":"es","@id":"https:\/\/laredlarioja.com.ar\/sitio\/#\/schema\/logo\/image\/","url":"https:\/\/laredlarioja.com.ar\/sitio\/wp-content\/uploads\/2025\/05\/LOGO-LA-RED.png","contentUrl":"https:\/\/laredlarioja.com.ar\/sitio\/wp-content\/uploads\/2025\/05\/LOGO-LA-RED.png","width":193,"height":340,"caption":"LA RED 88.3 LA RIOJA"},"image":{"@id":"https:\/\/laredlarioja.com.ar\/sitio\/#\/schema\/logo\/image\/"},"sameAs":["https:\/\/www.facebook.com\/lared.larioja","https:\/\/x.com\/laredlarioja1","https:\/\/www.instagram.com\/lared_larioja\/"]},{"@type":"Person","@id":"https:\/\/laredlarioja.com.ar\/sitio\/#\/schema\/person\/31f88059d20c5cf06e974fd895aec56e","name":"Anabella Soria","url":"https:\/\/laredlarioja.com.ar\/sitio\/author\/asoria\/"}]}},"featured_image_urls":{"full":["https:\/\/laredlarioja.com.ar\/sitio\/wp-content\/uploads\/2024\/07\/64T5WSCA65DBTEW3RD7ZOGC5ZM-1-scaled.jpg",2560,1682,false],"thumbnail":["https:\/\/laredlarioja.com.ar\/sitio\/wp-content\/uploads\/2024\/07\/64T5WSCA65DBTEW3RD7ZOGC5ZM-1-150x150.jpg",150,150,true],"medium":["https:\/\/laredlarioja.com.ar\/sitio\/wp-content\/uploads\/2024\/07\/64T5WSCA65DBTEW3RD7ZOGC5ZM-1-300x197.jpg",300,197,true],"medium_large":["https:\/\/laredlarioja.com.ar\/sitio\/wp-content\/uploads\/2024\/07\/64T5WSCA65DBTEW3RD7ZOGC5ZM-1-768x505.jpg",640,421,true],"large":["https:\/\/laredlarioja.com.ar\/sitio\/wp-content\/uploads\/2024\/07\/64T5WSCA65DBTEW3RD7ZOGC5ZM-1-1024x673.jpg",640,421,true],"1536x1536":["https:\/\/laredlarioja.com.ar\/sitio\/wp-content\/uploads\/2024\/07\/64T5WSCA65DBTEW3RD7ZOGC5ZM-1-1536x1009.jpg",1536,1009,true],"2048x2048":["https:\/\/laredlarioja.com.ar\/sitio\/wp-content\/uploads\/2024\/07\/64T5WSCA65DBTEW3RD7ZOGC5ZM-1-2048x1346.jpg",2048,1346,true],"cvmm-medium":["https:\/\/laredlarioja.com.ar\/sitio\/wp-content\/uploads\/2024\/07\/64T5WSCA65DBTEW3RD7ZOGC5ZM-1-300x300.jpg",300,300,true],"cvmm-medium-plus":["https:\/\/laredlarioja.com.ar\/sitio\/wp-content\/uploads\/2024\/07\/64T5WSCA65DBTEW3RD7ZOGC5ZM-1-305x207.jpg",305,207,true],"cvmm-portrait":["https:\/\/laredlarioja.com.ar\/sitio\/wp-content\/uploads\/2024\/07\/64T5WSCA65DBTEW3RD7ZOGC5ZM-1-400x600.jpg",400,600,true],"cvmm-medium-square":["https:\/\/laredlarioja.com.ar\/sitio\/wp-content\/uploads\/2024\/07\/64T5WSCA65DBTEW3RD7ZOGC5ZM-1-600x600.jpg",600,600,true],"cvmm-large":["https:\/\/laredlarioja.com.ar\/sitio\/wp-content\/uploads\/2024\/07\/64T5WSCA65DBTEW3RD7ZOGC5ZM-1-1024x1024.jpg",1024,1024,true],"cvmm-small":["https:\/\/laredlarioja.com.ar\/sitio\/wp-content\/uploads\/2024\/07\/64T5WSCA65DBTEW3RD7ZOGC5ZM-1-130x95.jpg",130,95,true],"morenews-large":["https:\/\/laredlarioja.com.ar\/sitio\/wp-content\/uploads\/2024\/07\/64T5WSCA65DBTEW3RD7ZOGC5ZM-1-825x575.jpg",825,575,true],"morenews-medium":["https:\/\/laredlarioja.com.ar\/sitio\/wp-content\/uploads\/2024\/07\/64T5WSCA65DBTEW3RD7ZOGC5ZM-1-590x410.jpg",590,410,true]},"author_info":{"display_name":"Anabella Soria","author_link":"https:\/\/laredlarioja.com.ar\/sitio\/author\/asoria\/"},"category_info":"<a href=\"https:\/\/laredlarioja.com.ar\/sitio\/categorias\/tapa\/\" rel=\"category tag\">Tapa<\/a>","tag_info":"Tapa","comment_count":"0","blog_post_layout_featured_media_urls":{"thumbnail":["https:\/\/laredlarioja.com.ar\/sitio\/wp-content\/uploads\/2024\/07\/64T5WSCA65DBTEW3RD7ZOGC5ZM-1-150x150.jpg",150,150,true],"full":["https:\/\/laredlarioja.com.ar\/sitio\/wp-content\/uploads\/2024\/07\/64T5WSCA65DBTEW3RD7ZOGC5ZM-1-scaled.jpg",2560,1682,false]},"categories_names":{"100":{"name":"Tapa","link":"https:\/\/laredlarioja.com.ar\/sitio\/categorias\/tapa\/"}},"tags_names":{"132":{"name":"Secundairas","link":"https:\/\/laredlarioja.com.ar\/sitio\/etiquetas\/secundairas\/"}},"comments_number":"0","wpmagazine_modules_lite_featured_media_urls":{"thumbnail":["https:\/\/laredlarioja.com.ar\/sitio\/wp-content\/uploads\/2024\/07\/64T5WSCA65DBTEW3RD7ZOGC5ZM-1-150x150.jpg",150,150,true],"cvmm-medium":["https:\/\/laredlarioja.com.ar\/sitio\/wp-content\/uploads\/2024\/07\/64T5WSCA65DBTEW3RD7ZOGC5ZM-1-300x300.jpg",300,300,true],"cvmm-medium-plus":["https:\/\/laredlarioja.com.ar\/sitio\/wp-content\/uploads\/2024\/07\/64T5WSCA65DBTEW3RD7ZOGC5ZM-1-305x207.jpg",305,207,true],"cvmm-portrait":["https:\/\/laredlarioja.com.ar\/sitio\/wp-content\/uploads\/2024\/07\/64T5WSCA65DBTEW3RD7ZOGC5ZM-1-400x600.jpg",400,600,true],"cvmm-medium-square":["https:\/\/laredlarioja.com.ar\/sitio\/wp-content\/uploads\/2024\/07\/64T5WSCA65DBTEW3RD7ZOGC5ZM-1-600x600.jpg",600,600,true],"cvmm-large":["https:\/\/laredlarioja.com.ar\/sitio\/wp-content\/uploads\/2024\/07\/64T5WSCA65DBTEW3RD7ZOGC5ZM-1-1024x1024.jpg",1024,1024,true],"cvmm-small":["https:\/\/laredlarioja.com.ar\/sitio\/wp-content\/uploads\/2024\/07\/64T5WSCA65DBTEW3RD7ZOGC5ZM-1-130x95.jpg",130,95,true],"full":["https:\/\/laredlarioja.com.ar\/sitio\/wp-content\/uploads\/2024\/07\/64T5WSCA65DBTEW3RD7ZOGC5ZM-1-scaled.jpg",2560,1682,false]},"_links":{"self":[{"href":"https:\/\/laredlarioja.com.ar\/sitio\/wp-json\/wp\/v2\/posts\/77643","targetHints":{"allow":["GET"]}}],"collection":[{"href":"https:\/\/laredlarioja.com.ar\/sitio\/wp-json\/wp\/v2\/posts"}],"about":[{"href":"https:\/\/laredlarioja.com.ar\/sitio\/wp-json\/wp\/v2\/types\/post"}],"author":[{"embeddable":true,"href":"https:\/\/laredlarioja.com.ar\/sitio\/wp-json\/wp\/v2\/users\/7"}],"replies":[{"embeddable":true,"href":"https:\/\/laredlarioja.com.ar\/sitio\/wp-json\/wp\/v2\/comments?post=77643"}],"version-history":[{"count":2,"href":"https:\/\/laredlarioja.com.ar\/sitio\/wp-json\/wp\/v2\/posts\/77643\/revisions"}],"predecessor-version":[{"id":77645,"href":"https:\/\/laredlarioja.com.ar\/sitio\/wp-json\/wp\/v2\/posts\/77643\/revisions\/77645"}],"wp:featuredmedia":[{"embeddable":true,"href":"https:\/\/laredlarioja.com.ar\/sitio\/wp-json\/wp\/v2\/media\/48844"}],"wp:attachment":[{"href":"https:\/\/laredlarioja.com.ar\/sitio\/wp-json\/wp\/v2\/media?parent=77643"}],"wp:term":[{"taxonomy":"category","embeddable":true,"href":"https:\/\/laredlarioja.com.ar\/sitio\/wp-json\/wp\/v2\/categories?post=77643"},{"taxonomy":"post_tag","embeddable":true,"href":"https:\/\/laredlarioja.com.ar\/sitio\/wp-json\/wp\/v2\/tags?post=77643"}],"curies":[{"name":"wp","href":"https:\/\/api.w.org\/{rel}","templated":true}]}}