{"id":77654,"date":"2026-04-29T13:30:36","date_gmt":"2026-04-29T13:30:36","guid":{"rendered":"https:\/\/laredlarioja.com.ar\/sitio\/?p=77654"},"modified":"2026-04-30T14:05:45","modified_gmt":"2026-04-30T14:05:45","slug":"77654-2","status":"publish","type":"post","link":"https:\/\/laredlarioja.com.ar\/sitio\/77654-2\/","title":{"rendered":"Dura respuesta de la UNdeC a la intimaci\u00f3n de Naci\u00f3n: \u201cEs una coacci\u00f3n para que los rectores seamos polic\u00edas de los paros\u201d"},"content":{"rendered":"<p data-path-to-node=\"5\">El conflicto entre las universidades nacionales y el Gobierno Nacional suma un nuevo cap\u00edtulo de tensi\u00f3n. En di\u00e1logo con <b data-path-to-node=\"5\" data-index-in-node=\"121\">Radio La Red<\/b>, <b data-path-to-node=\"5\" data-index-in-node=\"138\">C\u00e9sar Salcedo<\/b>, rector de la Universidad Nacional de Chilecito (UNdeC), se refiri\u00f3 a la nota enviada por la Subsecretar\u00eda de Pol\u00edticas Universitarias que intima a los rectores a informar sobre las medidas de fuerza en un plazo de 48 horas bajo amenaza de suspender fondos.<\/p>\n<p data-path-to-node=\"5\">Para el funcionario esta medida<strong> \u00abno ha ca\u00eddo bien porque entendemos que es parte de una estrategia para desviar el foco de la discusi\u00f3n, que realmente gira en torno al incumplimiento por parte del Ejecutivo Nacional de la Ley de Financiamiento Universitario\u00bb<\/strong>, a la vez que record\u00f3 que tras la insistencia del Congreso y la posterior demanda judicial, el juzgado contencioso administrativo ya hizo lugar a la pretensi\u00f3n de los rectores pero el Gobierno \u00abse niega nuevamente a cumplir, impugna la resoluci\u00f3n judicial y ahora le pide al juzgado que le conceda efecto suspensivo al recurso extraordinario para no pagar lo que corresponde\u00bb.<\/p>\n<p data-path-to-node=\"6\">Respecto a la nota enviada por la Subsecretar\u00eda de Pol\u00edticas Universitarias, Salcedo denunci\u00f3 que se trata de una acci\u00f3n netamente coactiva que atenta contra la autonom\u00eda de las casas de altos estudios ya que \u00aben el plexo mismo de la norma citan art\u00edculos constitucionales que el mismo Ejecutivo est\u00e1 incumpliendo porque el garante del financiamiento no somos los rectores, sino que es el presidente de la Naci\u00f3n el que debe remitir los fondos\u00bb, y alert\u00f3 sobre la gravedad de la \u00abletra chica\u00bb del comunicado oficial donde se advierte que ante la falta de respuesta en el plazo arbitrario de 48 horas se podr\u00eda proceder a la suspensi\u00f3n del env\u00edo de recursos, lo cual calific\u00f3 como un amedrentamiento inadmisible porque \u00absi ya son exiguos los fondos que han llevado al sistema universitario a realizar este tipo de medidas, amenazar con cortarlos es casi utilizar una acci\u00f3n de fuerza para imponer el cumplimiento de un informe que carece de sustento jur\u00eddico\u00bb.<\/p>\n<p data-path-to-node=\"7\">Sobre la situaci\u00f3n espec\u00edfica en Chilecito y el rol de los alumnos, a quienes el Ministerio calific\u00f3 como \u00abv\u00edctimas\u00bb, el rector fue enf\u00e1tico al declarar que \u00ab<strong>los alumnos no son rehenes de ninguna medida porque a trav\u00e9s de la FUA participan en todas y cada una de las acciones que el colectivo universitario viene tomando\u00bb,<\/strong> y agreg\u00f3 que el humor social ha cambiado profundamente en estos dos a\u00f1os y medio porque los estudiantes \u00absienten las medidas del Ejecutivo como ciudadanos y como trabajadores que son, miembros de familias donde el salario ya no alcanza a llegar al \u00faltimo d\u00eda del mes sino que a mitad de mes ya se torna inexistente, por lo que tienen un esp\u00edritu cr\u00edtico frente a un Gobierno que no est\u00e1 dando respuesta a las demandas de la sociedad\u00bb.<\/p>\n<p data-path-to-node=\"8\">Finalmente, Salcedo ratific\u00f3 que la UNdeC mantiene sus puertas abiertas y ha dise\u00f1ado sus propios mecanismos de contingencia en el marco de su autonom\u00eda, decidiendo por ejemplo tomar ex\u00e1menes finales sin interrupci\u00f3n de clases para no perjudicar el calendario, pero advirti\u00f3 que no tiene por qu\u00e9 rendir cuentas al subsecretario de lo que la comunidad chilecite\u00f1a decide de forma soberana, confirmando que el pr\u00f3ximo 12 de mayo \u00abChilecito va a salir a marchar y a peticionar a las autoridades nacionales como ya lo hizo en tres oportunidades anteriores, concentr\u00e1ndonos en el coraz\u00f3n mismo de la ciudad, en la plaza Caudillo Federal, porque la universidad no se apaga\u00bb.<\/p>\n","protected":false},"excerpt":{"rendered":"<p>El conflicto entre las universidades nacionales y el Gobierno Nacional suma un nuevo cap\u00edtulo de tensi\u00f3n. En di\u00e1logo<\/p>\n","protected":false},"author":10,"featured_media":66764,"comment_status":"closed","ping_status":"open","sticky":false,"template":"","format":"standard","meta":{"footnotes":""},"categories":[94],"tags":[],"class_list":["post-77654","post","type-post","status-publish","format-standard","has-post-thumbnail","hentry","category-locales"],"yoast_head":"<!-- This site is optimized with the Yoast SEO plugin v27.4 - https:\/\/yoast.com\/product\/yoast-seo-wordpress\/ -->\n<title>Dura respuesta de la UNdeC a la intimaci\u00f3n de Naci\u00f3n: \u201cEs una coacci\u00f3n para que los rectores seamos polic\u00edas de los paros\u201d - LA RED 88.3 LA RIOJA<\/title>\n<meta name=\"robots\" content=\"index, follow, max-snippet:-1, max-image-preview:large, max-video-preview:-1\" \/>\n<link rel=\"canonical\" href=\"https:\/\/laredlarioja.com.ar\/sitio\/77654-2\/\" \/>\n<meta property=\"og:locale\" content=\"es_ES\" \/>\n<meta property=\"og:type\" content=\"article\" \/>\n<meta property=\"og:title\" content=\"Dura respuesta de la UNdeC a la intimaci\u00f3n de Naci\u00f3n: \u201cEs una coacci\u00f3n para que los rectores seamos polic\u00edas de los paros\u201d - LA RED 88.3 LA RIOJA\" \/>\n<meta property=\"og:description\" content=\"El conflicto entre las universidades nacionales y el Gobierno Nacional suma un nuevo cap\u00edtulo de tensi\u00f3n. En di\u00e1logo\" \/>\n<meta property=\"og:url\" content=\"https:\/\/laredlarioja.com.ar\/sitio\/77654-2\/\" \/>\n<meta property=\"og:site_name\" content=\"LA RED 88.3 LA RIOJA\" \/>\n<meta property=\"article:publisher\" content=\"https:\/\/www.facebook.com\/lared.larioja\" \/>\n<meta property=\"article:published_time\" content=\"2026-04-29T13:30:36+00:00\" \/>\n<meta property=\"article:modified_time\" content=\"2026-04-30T14:05:45+00:00\" \/>\n<meta property=\"og:image\" content=\"https:\/\/laredlarioja.com.ar\/sitio\/wp-content\/uploads\/2025\/09\/undec.jpg\" \/>\n\t<meta property=\"og:image:width\" content=\"1200\" \/>\n\t<meta property=\"og:image:height\" content=\"545\" \/>\n\t<meta property=\"og:image:type\" content=\"image\/jpeg\" \/>\n<meta name=\"author\" content=\"La Red\" \/>\n<meta name=\"twitter:card\" content=\"summary_large_image\" \/>\n<meta name=\"twitter:creator\" content=\"@laredlarioja1\" \/>\n<meta name=\"twitter:site\" content=\"@laredlarioja1\" \/>\n<meta name=\"twitter:label1\" content=\"Escrito por\" \/>\n\t<meta name=\"twitter:data1\" content=\"La Red\" \/>\n\t<meta name=\"twitter:label2\" content=\"Tiempo de lectura\" \/>\n\t<meta name=\"twitter:data2\" content=\"3 minutos\" \/>\n<script type=\"application\/ld+json\" class=\"yoast-schema-graph\">{\"@context\":\"https:\\\/\\\/schema.org\",\"@graph\":[{\"@type\":\"Article\",\"@id\":\"https:\\\/\\\/laredlarioja.com.ar\\\/sitio\\\/77654-2\\\/#article\",\"isPartOf\":{\"@id\":\"https:\\\/\\\/laredlarioja.com.ar\\\/sitio\\\/77654-2\\\/\"},\"author\":{\"name\":\"La Red\",\"@id\":\"https:\\\/\\\/laredlarioja.com.ar\\\/sitio\\\/#\\\/schema\\\/person\\\/f1e213867beccedaaa4fb548d9259d9a\"},\"headline\":\"Dura respuesta de la UNdeC a la intimaci\u00f3n de Naci\u00f3n: \u201cEs una coacci\u00f3n para que los rectores seamos polic\u00edas de los paros\u201d\",\"datePublished\":\"2026-04-29T13:30:36+00:00\",\"dateModified\":\"2026-04-30T14:05:45+00:00\",\"mainEntityOfPage\":{\"@id\":\"https:\\\/\\\/laredlarioja.com.ar\\\/sitio\\\/77654-2\\\/\"},\"wordCount\":630,\"publisher\":{\"@id\":\"https:\\\/\\\/laredlarioja.com.ar\\\/sitio\\\/#organization\"},\"image\":{\"@id\":\"https:\\\/\\\/laredlarioja.com.ar\\\/sitio\\\/77654-2\\\/#primaryimage\"},\"thumbnailUrl\":\"https:\\\/\\\/laredlarioja.com.ar\\\/sitio\\\/wp-content\\\/uploads\\\/2025\\\/09\\\/undec.jpg\",\"articleSection\":[\"Locales\"],\"inLanguage\":\"es\"},{\"@type\":\"WebPage\",\"@id\":\"https:\\\/\\\/laredlarioja.com.ar\\\/sitio\\\/77654-2\\\/\",\"url\":\"https:\\\/\\\/laredlarioja.com.ar\\\/sitio\\\/77654-2\\\/\",\"name\":\"Dura respuesta de la UNdeC a la intimaci\u00f3n de Naci\u00f3n: \u201cEs una coacci\u00f3n para que los rectores seamos polic\u00edas de los paros\u201d - LA RED 88.3 LA RIOJA\",\"isPartOf\":{\"@id\":\"https:\\\/\\\/laredlarioja.com.ar\\\/sitio\\\/#website\"},\"primaryImageOfPage\":{\"@id\":\"https:\\\/\\\/laredlarioja.com.ar\\\/sitio\\\/77654-2\\\/#primaryimage\"},\"image\":{\"@id\":\"https:\\\/\\\/laredlarioja.com.ar\\\/sitio\\\/77654-2\\\/#primaryimage\"},\"thumbnailUrl\":\"https:\\\/\\\/laredlarioja.com.ar\\\/sitio\\\/wp-content\\\/uploads\\\/2025\\\/09\\\/undec.jpg\",\"datePublished\":\"2026-04-29T13:30:36+00:00\",\"dateModified\":\"2026-04-30T14:05:45+00:00\",\"breadcrumb\":{\"@id\":\"https:\\\/\\\/laredlarioja.com.ar\\\/sitio\\\/77654-2\\\/#breadcrumb\"},\"inLanguage\":\"es\",\"potentialAction\":[{\"@type\":\"ReadAction\",\"target\":[\"https:\\\/\\\/laredlarioja.com.ar\\\/sitio\\\/77654-2\\\/\"]}]},{\"@type\":\"ImageObject\",\"inLanguage\":\"es\",\"@id\":\"https:\\\/\\\/laredlarioja.com.ar\\\/sitio\\\/77654-2\\\/#primaryimage\",\"url\":\"https:\\\/\\\/laredlarioja.com.ar\\\/sitio\\\/wp-content\\\/uploads\\\/2025\\\/09\\\/undec.jpg\",\"contentUrl\":\"https:\\\/\\\/laredlarioja.com.ar\\\/sitio\\\/wp-content\\\/uploads\\\/2025\\\/09\\\/undec.jpg\",\"width\":1200,\"height\":545},{\"@type\":\"BreadcrumbList\",\"@id\":\"https:\\\/\\\/laredlarioja.com.ar\\\/sitio\\\/77654-2\\\/#breadcrumb\",\"itemListElement\":[{\"@type\":\"ListItem\",\"position\":1,\"name\":\"Portada\",\"item\":\"https:\\\/\\\/laredlarioja.com.ar\\\/sitio\\\/\"},{\"@type\":\"ListItem\",\"position\":2,\"name\":\"Dura respuesta de la UNdeC a la intimaci\u00f3n de Naci\u00f3n: \u201cEs una coacci\u00f3n para que los rectores seamos polic\u00edas de los paros\u201d\"}]},{\"@type\":\"WebSite\",\"@id\":\"https:\\\/\\\/laredlarioja.com.ar\\\/sitio\\\/#website\",\"url\":\"https:\\\/\\\/laredlarioja.com.ar\\\/sitio\\\/\",\"name\":\"LA RED 88.3 LA RIOJA\",\"description\":\"Sitio de Noticias\",\"publisher\":{\"@id\":\"https:\\\/\\\/laredlarioja.com.ar\\\/sitio\\\/#organization\"},\"potentialAction\":[{\"@type\":\"SearchAction\",\"target\":{\"@type\":\"EntryPoint\",\"urlTemplate\":\"https:\\\/\\\/laredlarioja.com.ar\\\/sitio\\\/?s={search_term_string}\"},\"query-input\":{\"@type\":\"PropertyValueSpecification\",\"valueRequired\":true,\"valueName\":\"search_term_string\"}}],\"inLanguage\":\"es\"},{\"@type\":\"Organization\",\"@id\":\"https:\\\/\\\/laredlarioja.com.ar\\\/sitio\\\/#organization\",\"name\":\"LA RED 88.3 LA RIOJA\",\"url\":\"https:\\\/\\\/laredlarioja.com.ar\\\/sitio\\\/\",\"logo\":{\"@type\":\"ImageObject\",\"inLanguage\":\"es\",\"@id\":\"https:\\\/\\\/laredlarioja.com.ar\\\/sitio\\\/#\\\/schema\\\/logo\\\/image\\\/\",\"url\":\"https:\\\/\\\/laredlarioja.com.ar\\\/sitio\\\/wp-content\\\/uploads\\\/2025\\\/05\\\/LOGO-LA-RED.png\",\"contentUrl\":\"https:\\\/\\\/laredlarioja.com.ar\\\/sitio\\\/wp-content\\\/uploads\\\/2025\\\/05\\\/LOGO-LA-RED.png\",\"width\":193,\"height\":340,\"caption\":\"LA RED 88.3 LA RIOJA\"},\"image\":{\"@id\":\"https:\\\/\\\/laredlarioja.com.ar\\\/sitio\\\/#\\\/schema\\\/logo\\\/image\\\/\"},\"sameAs\":[\"https:\\\/\\\/www.facebook.com\\\/lared.larioja\",\"https:\\\/\\\/x.com\\\/laredlarioja1\",\"https:\\\/\\\/www.instagram.com\\\/lared_larioja\\\/\"]},{\"@type\":\"Person\",\"@id\":\"https:\\\/\\\/laredlarioja.com.ar\\\/sitio\\\/#\\\/schema\\\/person\\\/f1e213867beccedaaa4fb548d9259d9a\",\"name\":\"La Red\",\"url\":\"https:\\\/\\\/laredlarioja.com.ar\\\/sitio\\\/author\\\/lared\\\/\"}]}<\/script>\n<!-- \/ Yoast SEO plugin. -->","yoast_head_json":{"title":"Dura respuesta de la UNdeC a la intimaci\u00f3n de Naci\u00f3n: \u201cEs una coacci\u00f3n para que los rectores seamos polic\u00edas de los paros\u201d - LA RED 88.3 LA RIOJA","robots":{"index":"index","follow":"follow","max-snippet":"max-snippet:-1","max-image-preview":"max-image-preview:large","max-video-preview":"max-video-preview:-1"},"canonical":"https:\/\/laredlarioja.com.ar\/sitio\/77654-2\/","og_locale":"es_ES","og_type":"article","og_title":"Dura respuesta de la UNdeC a la intimaci\u00f3n de Naci\u00f3n: \u201cEs una coacci\u00f3n para que los rectores seamos polic\u00edas de los paros\u201d - LA RED 88.3 LA RIOJA","og_description":"El conflicto entre las universidades nacionales y el Gobierno Nacional suma un nuevo cap\u00edtulo de tensi\u00f3n. En di\u00e1logo","og_url":"https:\/\/laredlarioja.com.ar\/sitio\/77654-2\/","og_site_name":"LA RED 88.3 LA RIOJA","article_publisher":"https:\/\/www.facebook.com\/lared.larioja","article_published_time":"2026-04-29T13:30:36+00:00","article_modified_time":"2026-04-30T14:05:45+00:00","og_image":[{"width":1200,"height":545,"url":"https:\/\/laredlarioja.com.ar\/sitio\/wp-content\/uploads\/2025\/09\/undec.jpg","type":"image\/jpeg"}],"author":"La Red","twitter_card":"summary_large_image","twitter_creator":"@laredlarioja1","twitter_site":"@laredlarioja1","twitter_misc":{"Escrito por":"La Red","Tiempo de lectura":"3 minutos"},"schema":{"@context":"https:\/\/schema.org","@graph":[{"@type":"Article","@id":"https:\/\/laredlarioja.com.ar\/sitio\/77654-2\/#article","isPartOf":{"@id":"https:\/\/laredlarioja.com.ar\/sitio\/77654-2\/"},"author":{"name":"La Red","@id":"https:\/\/laredlarioja.com.ar\/sitio\/#\/schema\/person\/f1e213867beccedaaa4fb548d9259d9a"},"headline":"Dura respuesta de la UNdeC a la intimaci\u00f3n de Naci\u00f3n: \u201cEs una coacci\u00f3n para que los rectores seamos polic\u00edas de los paros\u201d","datePublished":"2026-04-29T13:30:36+00:00","dateModified":"2026-04-30T14:05:45+00:00","mainEntityOfPage":{"@id":"https:\/\/laredlarioja.com.ar\/sitio\/77654-2\/"},"wordCount":630,"publisher":{"@id":"https:\/\/laredlarioja.com.ar\/sitio\/#organization"},"image":{"@id":"https:\/\/laredlarioja.com.ar\/sitio\/77654-2\/#primaryimage"},"thumbnailUrl":"https:\/\/laredlarioja.com.ar\/sitio\/wp-content\/uploads\/2025\/09\/undec.jpg","articleSection":["Locales"],"inLanguage":"es"},{"@type":"WebPage","@id":"https:\/\/laredlarioja.com.ar\/sitio\/77654-2\/","url":"https:\/\/laredlarioja.com.ar\/sitio\/77654-2\/","name":"Dura respuesta de la UNdeC a la intimaci\u00f3n de Naci\u00f3n: \u201cEs una coacci\u00f3n para que los rectores seamos polic\u00edas de los paros\u201d - LA RED 88.3 LA RIOJA","isPartOf":{"@id":"https:\/\/laredlarioja.com.ar\/sitio\/#website"},"primaryImageOfPage":{"@id":"https:\/\/laredlarioja.com.ar\/sitio\/77654-2\/#primaryimage"},"image":{"@id":"https:\/\/laredlarioja.com.ar\/sitio\/77654-2\/#primaryimage"},"thumbnailUrl":"https:\/\/laredlarioja.com.ar\/sitio\/wp-content\/uploads\/2025\/09\/undec.jpg","datePublished":"2026-04-29T13:30:36+00:00","dateModified":"2026-04-30T14:05:45+00:00","breadcrumb":{"@id":"https:\/\/laredlarioja.com.ar\/sitio\/77654-2\/#breadcrumb"},"inLanguage":"es","potentialAction":[{"@type":"ReadAction","target":["https:\/\/laredlarioja.com.ar\/sitio\/77654-2\/"]}]},{"@type":"ImageObject","inLanguage":"es","@id":"https:\/\/laredlarioja.com.ar\/sitio\/77654-2\/#primaryimage","url":"https:\/\/laredlarioja.com.ar\/sitio\/wp-content\/uploads\/2025\/09\/undec.jpg","contentUrl":"https:\/\/laredlarioja.com.ar\/sitio\/wp-content\/uploads\/2025\/09\/undec.jpg","width":1200,"height":545},{"@type":"BreadcrumbList","@id":"https:\/\/laredlarioja.com.ar\/sitio\/77654-2\/#breadcrumb","itemListElement":[{"@type":"ListItem","position":1,"name":"Portada","item":"https:\/\/laredlarioja.com.ar\/sitio\/"},{"@type":"ListItem","position":2,"name":"Dura respuesta de la UNdeC a la intimaci\u00f3n de Naci\u00f3n: \u201cEs una coacci\u00f3n para que los rectores seamos polic\u00edas de los paros\u201d"}]},{"@type":"WebSite","@id":"https:\/\/laredlarioja.com.ar\/sitio\/#website","url":"https:\/\/laredlarioja.com.ar\/sitio\/","name":"LA RED 88.3 LA RIOJA","description":"Sitio de Noticias","publisher":{"@id":"https:\/\/laredlarioja.com.ar\/sitio\/#organization"},"potentialAction":[{"@type":"SearchAction","target":{"@type":"EntryPoint","urlTemplate":"https:\/\/laredlarioja.com.ar\/sitio\/?s={search_term_string}"},"query-input":{"@type":"PropertyValueSpecification","valueRequired":true,"valueName":"search_term_string"}}],"inLanguage":"es"},{"@type":"Organization","@id":"https:\/\/laredlarioja.com.ar\/sitio\/#organization","name":"LA RED 88.3 LA RIOJA","url":"https:\/\/laredlarioja.com.ar\/sitio\/","logo":{"@type":"ImageObject","inLanguage":"es","@id":"https:\/\/laredlarioja.com.ar\/sitio\/#\/schema\/logo\/image\/","url":"https:\/\/laredlarioja.com.ar\/sitio\/wp-content\/uploads\/2025\/05\/LOGO-LA-RED.png","contentUrl":"https:\/\/laredlarioja.com.ar\/sitio\/wp-content\/uploads\/2025\/05\/LOGO-LA-RED.png","width":193,"height":340,"caption":"LA RED 88.3 LA RIOJA"},"image":{"@id":"https:\/\/laredlarioja.com.ar\/sitio\/#\/schema\/logo\/image\/"},"sameAs":["https:\/\/www.facebook.com\/lared.larioja","https:\/\/x.com\/laredlarioja1","https:\/\/www.instagram.com\/lared_larioja\/"]},{"@type":"Person","@id":"https:\/\/laredlarioja.com.ar\/sitio\/#\/schema\/person\/f1e213867beccedaaa4fb548d9259d9a","name":"La Red","url":"https:\/\/laredlarioja.com.ar\/sitio\/author\/lared\/"}]}},"featured_image_urls":{"full":["https:\/\/laredlarioja.com.ar\/sitio\/wp-content\/uploads\/2025\/09\/undec.jpg",1200,545,false],"thumbnail":["https:\/\/laredlarioja.com.ar\/sitio\/wp-content\/uploads\/2025\/09\/undec-150x150.jpg",150,150,true],"medium":["https:\/\/laredlarioja.com.ar\/sitio\/wp-content\/uploads\/2025\/09\/undec-300x136.jpg",300,136,true],"medium_large":["https:\/\/laredlarioja.com.ar\/sitio\/wp-content\/uploads\/2025\/09\/undec-768x349.jpg",640,291,true],"large":["https:\/\/laredlarioja.com.ar\/sitio\/wp-content\/uploads\/2025\/09\/undec-1024x465.jpg",640,291,true],"1536x1536":["https:\/\/laredlarioja.com.ar\/sitio\/wp-content\/uploads\/2025\/09\/undec.jpg",1200,545,false],"2048x2048":["https:\/\/laredlarioja.com.ar\/sitio\/wp-content\/uploads\/2025\/09\/undec.jpg",1200,545,false],"cvmm-medium":["https:\/\/laredlarioja.com.ar\/sitio\/wp-content\/uploads\/2025\/09\/undec-300x300.jpg",300,300,true],"cvmm-medium-plus":["https:\/\/laredlarioja.com.ar\/sitio\/wp-content\/uploads\/2025\/09\/undec-305x207.jpg",305,207,true],"cvmm-portrait":["https:\/\/laredlarioja.com.ar\/sitio\/wp-content\/uploads\/2025\/09\/undec-400x545.jpg",400,545,true],"cvmm-medium-square":["https:\/\/laredlarioja.com.ar\/sitio\/wp-content\/uploads\/2025\/09\/undec-600x545.jpg",600,545,true],"cvmm-large":["https:\/\/laredlarioja.com.ar\/sitio\/wp-content\/uploads\/2025\/09\/undec-1024x545.jpg",1024,545,true],"cvmm-small":["https:\/\/laredlarioja.com.ar\/sitio\/wp-content\/uploads\/2025\/09\/undec-130x95.jpg",130,95,true],"morenews-large":["https:\/\/laredlarioja.com.ar\/sitio\/wp-content\/uploads\/2025\/09\/undec-825x545.jpg",825,545,true],"morenews-medium":["https:\/\/laredlarioja.com.ar\/sitio\/wp-content\/uploads\/2025\/09\/undec-590x410.jpg",590,410,true]},"author_info":{"display_name":"La Red","author_link":"https:\/\/laredlarioja.com.ar\/sitio\/author\/lared\/"},"category_info":"<a href=\"https:\/\/laredlarioja.com.ar\/sitio\/categorias\/locales\/\" rel=\"category tag\">Locales<\/a>","tag_info":"Locales","comment_count":"0","blog_post_layout_featured_media_urls":{"thumbnail":["https:\/\/laredlarioja.com.ar\/sitio\/wp-content\/uploads\/2025\/09\/undec-150x150.jpg",150,150,true],"full":["https:\/\/laredlarioja.com.ar\/sitio\/wp-content\/uploads\/2025\/09\/undec.jpg",1200,545,false]},"categories_names":{"94":{"name":"Locales","link":"https:\/\/laredlarioja.com.ar\/sitio\/categorias\/locales\/"}},"tags_names":[],"comments_number":"0","wpmagazine_modules_lite_featured_media_urls":{"thumbnail":["https:\/\/laredlarioja.com.ar\/sitio\/wp-content\/uploads\/2025\/09\/undec-150x150.jpg",150,150,true],"cvmm-medium":["https:\/\/laredlarioja.com.ar\/sitio\/wp-content\/uploads\/2025\/09\/undec-300x300.jpg",300,300,true],"cvmm-medium-plus":["https:\/\/laredlarioja.com.ar\/sitio\/wp-content\/uploads\/2025\/09\/undec-305x207.jpg",305,207,true],"cvmm-portrait":["https:\/\/laredlarioja.com.ar\/sitio\/wp-content\/uploads\/2025\/09\/undec-400x545.jpg",400,545,true],"cvmm-medium-square":["https:\/\/laredlarioja.com.ar\/sitio\/wp-content\/uploads\/2025\/09\/undec-600x545.jpg",600,545,true],"cvmm-large":["https:\/\/laredlarioja.com.ar\/sitio\/wp-content\/uploads\/2025\/09\/undec-1024x545.jpg",1024,545,true],"cvmm-small":["https:\/\/laredlarioja.com.ar\/sitio\/wp-content\/uploads\/2025\/09\/undec-130x95.jpg",130,95,true],"full":["https:\/\/laredlarioja.com.ar\/sitio\/wp-content\/uploads\/2025\/09\/undec.jpg",1200,545,false]},"_links":{"self":[{"href":"https:\/\/laredlarioja.com.ar\/sitio\/wp-json\/wp\/v2\/posts\/77654","targetHints":{"allow":["GET"]}}],"collection":[{"href":"https:\/\/laredlarioja.com.ar\/sitio\/wp-json\/wp\/v2\/posts"}],"about":[{"href":"https:\/\/laredlarioja.com.ar\/sitio\/wp-json\/wp\/v2\/types\/post"}],"author":[{"embeddable":true,"href":"https:\/\/laredlarioja.com.ar\/sitio\/wp-json\/wp\/v2\/users\/10"}],"replies":[{"embeddable":true,"href":"https:\/\/laredlarioja.com.ar\/sitio\/wp-json\/wp\/v2\/comments?post=77654"}],"version-history":[{"count":2,"href":"https:\/\/laredlarioja.com.ar\/sitio\/wp-json\/wp\/v2\/posts\/77654\/revisions"}],"predecessor-version":[{"id":77659,"href":"https:\/\/laredlarioja.com.ar\/sitio\/wp-json\/wp\/v2\/posts\/77654\/revisions\/77659"}],"wp:featuredmedia":[{"embeddable":true,"href":"https:\/\/laredlarioja.com.ar\/sitio\/wp-json\/wp\/v2\/media\/66764"}],"wp:attachment":[{"href":"https:\/\/laredlarioja.com.ar\/sitio\/wp-json\/wp\/v2\/media?parent=77654"}],"wp:term":[{"taxonomy":"category","embeddable":true,"href":"https:\/\/laredlarioja.com.ar\/sitio\/wp-json\/wp\/v2\/categories?post=77654"},{"taxonomy":"post_tag","embeddable":true,"href":"https:\/\/laredlarioja.com.ar\/sitio\/wp-json\/wp\/v2\/tags?post=77654"}],"curies":[{"name":"wp","href":"https:\/\/api.w.org\/{rel}","templated":true}]}}