{"id":77713,"date":"2026-04-30T13:22:31","date_gmt":"2026-04-30T13:22:31","guid":{"rendered":"https:\/\/laredlarioja.com.ar\/sitio\/?p=77713"},"modified":"2026-04-30T13:56:04","modified_gmt":"2026-04-30T13:56:04","slug":"conflicto-en-las-padercitas-nos-sentimos-destratados-como-comunidad-y-en-algo-tan-esencial-como-es-la-fe","status":"publish","type":"post","link":"https:\/\/laredlarioja.com.ar\/sitio\/conflicto-en-las-padercitas-nos-sentimos-destratados-como-comunidad-y-en-algo-tan-esencial-como-es-la-fe\/","title":{"rendered":"Conflicto en Las Padercitas: \u201cNos sentimos destratados como comunidad y en algo tan esencial como es la fe\u201d"},"content":{"rendered":"<p data-start=\"86\" data-end=\"497\">Un profundo malestar atraviesa a vecinos y vecinas de Las Padercitas, quienes vienen manifestando su preocupaci\u00f3n por la situaci\u00f3n actual de la iglesia del lugar. La falta de apertura del templo para celebraciones religiosas, sumado a la utilizaci\u00f3n del espacio \u2014seg\u00fan denuncian\u2014 para otros fines, encendi\u00f3 el reclamo comunitario que este mi\u00e9rcoles volvi\u00f3 a expresarse en un abrazo simb\u00f3lico frente al edificio.<\/p>\n<p data-start=\"499\" data-end=\"781\">En di\u00e1logo con <strong>Radio La Red,<\/strong> la ingeniera y vecina del sector, Andrea Carrizo, describi\u00f3 el clima que se vive en la zona: <strong data-start=\"621\" data-end=\"780\">\u201cHay un malestar muy, muy grande, doloroso malestar en estos momentos en la zona de Las Padercitas y en la iglesia, por sobre todo entre todos los vecinos\u201d<\/strong>.<\/p>\n<p data-start=\"783\" data-end=\"1103\">Carrizo plante\u00f3 que la situaci\u00f3n genera <strong data-start=\"823\" data-end=\"837\">impotencia<\/strong> entre los habitantes, no solo por la falta de respuestas, sino por la forma en que se tomaron decisiones: <strong data-start=\"944\" data-end=\"1093\">\u201cTe quieren imponer algo que en realidad no corresponde que te lo impongan. Nos hemos sentido destratados, no personalmente, sino como comunidad\u201d<\/strong>, expres\u00f3.<\/p>\n<p data-start=\"1105\" data-end=\"1412\">Uno de los puntos m\u00e1s cuestionados es el convenio entre el Municipio y la orden franciscana, el cual \u2014seg\u00fan la vecina\u2014 se realiz\u00f3 sin participaci\u00f3n ciudadana: <strong data-start=\"1264\" data-end=\"1402\">\u201cNo hay una licencia social para operar. Nos enteramos despu\u00e9s de mucho tiempo de la firma de un acuerdo para desnaturalizar el lugar\u201d<\/strong>, sostuvo.<\/p>\n<p data-start=\"1467\" data-end=\"1771\">Desde comienzos de a\u00f1o, la iglesia permanece cerrada, lo que oblig\u00f3 a trasladar las celebraciones religiosas a otro espacio. <strong data-start=\"1592\" data-end=\"1752\">\u201cDesde el comienzo de este a\u00f1o la iglesia est\u00e1 sellada y, oh sorpresa, en marzo fue abierta para un corto publicitario, lo que nos causa much\u00edsima tristeza\u201d<\/strong>, denunci\u00f3 Carrizo.<\/p>\n<p data-start=\"1773\" data-end=\"2043\">Actualmente, las misas se realizan al aire libre, en una gruta cercana: <strong data-start=\"1845\" data-end=\"1956\">\u201cSe est\u00e1 dando misa en una gruta, a un kil\u00f3metro, al aire libre, en medio de las piedras. Eso no est\u00e1 bien\u201d<\/strong>, afirm\u00f3, remarcando la importancia del templo para la vida espiritual de la comunidad.<\/p>\n<p data-start=\"2045\" data-end=\"2200\">En esa l\u00ednea, subray\u00f3 el rol central de la iglesia: <strong data-start=\"2097\" data-end=\"2199\">\u201cLa misa dominical es esencial para nosotros. Es un derecho defender el templo y que est\u00e9 abierto\u201d<\/strong>.<\/p>\n<p data-start=\"2242\" data-end=\"2490\">El conflicto no solo involucra lo religioso, sino tambi\u00e9n la preservaci\u00f3n del patrimonio. Carrizo record\u00f3 que el lugar forma parte de la identidad local: <strong data-start=\"2396\" data-end=\"2489\">\u201cLas Padercitas es patrimonio hist\u00f3rico nacional. Es un patrimonio de todos los riojanos\u201d<\/strong>.<\/p>\n<p data-start=\"2492\" data-end=\"2764\">En ese sentido, cuestion\u00f3 las intervenciones proyectadas: <strong data-start=\"2550\" data-end=\"2628\">\u201cNo se puede tocar un monumento hist\u00f3rico como se les antoja a cualquiera\u201d<\/strong>, advirti\u00f3, al tiempo que pidi\u00f3 mayor transparencia: <strong data-start=\"2681\" data-end=\"2763\">\u201cNunca nos han acercado el proyecto. Queremos saber qu\u00e9 es lo que van a hacer\u201d<\/strong>.<\/p>\n<p data-start=\"2766\" data-end=\"2979\">Adem\u00e1s, critic\u00f3 el estado actual del predio y reclam\u00f3 participaci\u00f3n comunitaria en su mantenimiento: <strong data-start=\"2867\" data-end=\"2978\">\u201cEst\u00e1 lleno de yuyo, pero queremos hacerlo nosotros con especies aut\u00f3ctonas, respetando el entorno natural\u201d<\/strong>.<\/p>\n<p data-start=\"3019\" data-end=\"3210\">La vecina insisti\u00f3 en la falta de instancias de di\u00e1logo reales con las autoridades: <strong data-start=\"3103\" data-end=\"3201\">\u201cBuscamos el di\u00e1logo, pero no hay un canal abierto. Nos sentimos mal informados y avasallados\u201d<\/strong>, se\u00f1al\u00f3.<\/p>\n<p data-start=\"3212\" data-end=\"3427\">Tambi\u00e9n apunt\u00f3 a lo que considera un uso inapropiado del templo: <strong data-start=\"3277\" data-end=\"3372\">\u201cHay que respetar el templo, es un lugar sagrado, no se puede hacer cualquier cosa adentro\u201d<\/strong>, dijo, en referencia a eventos realizados en el lugar.<\/p>\n<p data-start=\"3429\" data-end=\"3645\">En un contexto social complejo, Carrizo lament\u00f3 la ausencia de la instituci\u00f3n religiosa en la comunidad: <strong data-start=\"3534\" data-end=\"3644\">\u201cEn los tiempos donde m\u00e1s se necesita la fe, la iglesia debe estar m\u00e1s cerca. Hoy nos sentimos sin pastor\u201d<\/strong>.<\/p>\n<p data-start=\"3683\" data-end=\"3904\">Tras el abrazo simb\u00f3lico realizado este mi\u00e9rcoles, los vecinos convocan a un nuevo encuentro para este s\u00e1bado a las 10 de la ma\u00f1ana, en el mismo predio, donde esperan la visita de un representante de la orden franciscana. <strong data-start=\"3906\" data-end=\"4020\">\u201cVamos a estar defendiendo nuestros derechos como cat\u00f3licos y como ciudadanos, defendiendo nuestro patrimonio\u201d<\/strong>, concluy\u00f3 Carrizo, reafirmando la continuidad del reclamo.<\/p>\n<p data-start=\"4081\" data-end=\"4268\" data-is-last-node=\"\" data-is-only-node=\"\">El conflicto sigue abierto, con una comunidad que exige <strong data-start=\"4137\" data-end=\"4267\">participaci\u00f3n, respeto y la reapertura de un espacio que consideran esencial tanto para la fe como para la identidad colectiva<\/strong>.<\/p>\n","protected":false},"excerpt":{"rendered":"<p>Un profundo malestar atraviesa a vecinos y vecinas de Las Padercitas, quienes vienen manifestando su preocupaci\u00f3n por la<\/p>\n","protected":false},"author":10,"featured_media":76984,"comment_status":"closed","ping_status":"open","sticky":false,"template":"","format":"standard","meta":{"footnotes":""},"categories":[100],"tags":[],"class_list":["post-77713","post","type-post","status-publish","format-standard","has-post-thumbnail","hentry","category-tapa"],"yoast_head":"<!-- This site is optimized with the Yoast SEO plugin v27.4 - https:\/\/yoast.com\/product\/yoast-seo-wordpress\/ -->\n<title>Conflicto en Las Padercitas: \u201cNos sentimos destratados como comunidad y en algo tan esencial como es la fe\u201d - LA RED 88.3 LA RIOJA<\/title>\n<meta name=\"robots\" content=\"index, follow, max-snippet:-1, max-image-preview:large, max-video-preview:-1\" \/>\n<link rel=\"canonical\" href=\"https:\/\/laredlarioja.com.ar\/sitio\/conflicto-en-las-padercitas-nos-sentimos-destratados-como-comunidad-y-en-algo-tan-esencial-como-es-la-fe\/\" \/>\n<meta property=\"og:locale\" content=\"es_ES\" \/>\n<meta property=\"og:type\" content=\"article\" \/>\n<meta property=\"og:title\" content=\"Conflicto en Las Padercitas: \u201cNos sentimos destratados como comunidad y en algo tan esencial como es la fe\u201d - LA RED 88.3 LA RIOJA\" \/>\n<meta property=\"og:description\" content=\"Un profundo malestar atraviesa a vecinos y vecinas de Las Padercitas, quienes vienen manifestando su preocupaci\u00f3n por la\" \/>\n<meta property=\"og:url\" content=\"https:\/\/laredlarioja.com.ar\/sitio\/conflicto-en-las-padercitas-nos-sentimos-destratados-como-comunidad-y-en-algo-tan-esencial-como-es-la-fe\/\" \/>\n<meta property=\"og:site_name\" content=\"LA RED 88.3 LA RIOJA\" \/>\n<meta property=\"article:publisher\" content=\"https:\/\/www.facebook.com\/lared.larioja\" \/>\n<meta property=\"article:published_time\" content=\"2026-04-30T13:22:31+00:00\" \/>\n<meta property=\"article:modified_time\" content=\"2026-04-30T13:56:04+00:00\" \/>\n<meta property=\"og:image\" content=\"https:\/\/laredlarioja.com.ar\/sitio\/wp-content\/uploads\/2026\/04\/Las-Padercitas.jpg\" \/>\n\t<meta property=\"og:image:width\" content=\"800\" \/>\n\t<meta property=\"og:image:height\" content=\"495\" \/>\n\t<meta property=\"og:image:type\" content=\"image\/jpeg\" \/>\n<meta name=\"author\" content=\"La Red\" \/>\n<meta name=\"twitter:card\" content=\"summary_large_image\" \/>\n<meta name=\"twitter:creator\" content=\"@laredlarioja1\" \/>\n<meta name=\"twitter:site\" content=\"@laredlarioja1\" \/>\n<meta name=\"twitter:label1\" content=\"Escrito por\" \/>\n\t<meta name=\"twitter:data1\" content=\"La Red\" \/>\n\t<meta name=\"twitter:label2\" content=\"Tiempo de lectura\" \/>\n\t<meta name=\"twitter:data2\" content=\"4 minutos\" \/>\n<script type=\"application\/ld+json\" class=\"yoast-schema-graph\">{\"@context\":\"https:\\\/\\\/schema.org\",\"@graph\":[{\"@type\":\"Article\",\"@id\":\"https:\\\/\\\/laredlarioja.com.ar\\\/sitio\\\/conflicto-en-las-padercitas-nos-sentimos-destratados-como-comunidad-y-en-algo-tan-esencial-como-es-la-fe\\\/#article\",\"isPartOf\":{\"@id\":\"https:\\\/\\\/laredlarioja.com.ar\\\/sitio\\\/conflicto-en-las-padercitas-nos-sentimos-destratados-como-comunidad-y-en-algo-tan-esencial-como-es-la-fe\\\/\"},\"author\":{\"name\":\"La Red\",\"@id\":\"https:\\\/\\\/laredlarioja.com.ar\\\/sitio\\\/#\\\/schema\\\/person\\\/f1e213867beccedaaa4fb548d9259d9a\"},\"headline\":\"Conflicto en Las Padercitas: \u201cNos sentimos destratados como comunidad y en algo tan esencial como es la fe\u201d\",\"datePublished\":\"2026-04-30T13:22:31+00:00\",\"dateModified\":\"2026-04-30T13:56:04+00:00\",\"mainEntityOfPage\":{\"@id\":\"https:\\\/\\\/laredlarioja.com.ar\\\/sitio\\\/conflicto-en-las-padercitas-nos-sentimos-destratados-como-comunidad-y-en-algo-tan-esencial-como-es-la-fe\\\/\"},\"wordCount\":686,\"publisher\":{\"@id\":\"https:\\\/\\\/laredlarioja.com.ar\\\/sitio\\\/#organization\"},\"image\":{\"@id\":\"https:\\\/\\\/laredlarioja.com.ar\\\/sitio\\\/conflicto-en-las-padercitas-nos-sentimos-destratados-como-comunidad-y-en-algo-tan-esencial-como-es-la-fe\\\/#primaryimage\"},\"thumbnailUrl\":\"https:\\\/\\\/laredlarioja.com.ar\\\/sitio\\\/wp-content\\\/uploads\\\/2026\\\/04\\\/Las-Padercitas.jpg\",\"articleSection\":[\"Tapa\"],\"inLanguage\":\"es\"},{\"@type\":\"WebPage\",\"@id\":\"https:\\\/\\\/laredlarioja.com.ar\\\/sitio\\\/conflicto-en-las-padercitas-nos-sentimos-destratados-como-comunidad-y-en-algo-tan-esencial-como-es-la-fe\\\/\",\"url\":\"https:\\\/\\\/laredlarioja.com.ar\\\/sitio\\\/conflicto-en-las-padercitas-nos-sentimos-destratados-como-comunidad-y-en-algo-tan-esencial-como-es-la-fe\\\/\",\"name\":\"Conflicto en Las Padercitas: \u201cNos sentimos destratados como comunidad y en algo tan esencial como es la fe\u201d - LA RED 88.3 LA RIOJA\",\"isPartOf\":{\"@id\":\"https:\\\/\\\/laredlarioja.com.ar\\\/sitio\\\/#website\"},\"primaryImageOfPage\":{\"@id\":\"https:\\\/\\\/laredlarioja.com.ar\\\/sitio\\\/conflicto-en-las-padercitas-nos-sentimos-destratados-como-comunidad-y-en-algo-tan-esencial-como-es-la-fe\\\/#primaryimage\"},\"image\":{\"@id\":\"https:\\\/\\\/laredlarioja.com.ar\\\/sitio\\\/conflicto-en-las-padercitas-nos-sentimos-destratados-como-comunidad-y-en-algo-tan-esencial-como-es-la-fe\\\/#primaryimage\"},\"thumbnailUrl\":\"https:\\\/\\\/laredlarioja.com.ar\\\/sitio\\\/wp-content\\\/uploads\\\/2026\\\/04\\\/Las-Padercitas.jpg\",\"datePublished\":\"2026-04-30T13:22:31+00:00\",\"dateModified\":\"2026-04-30T13:56:04+00:00\",\"breadcrumb\":{\"@id\":\"https:\\\/\\\/laredlarioja.com.ar\\\/sitio\\\/conflicto-en-las-padercitas-nos-sentimos-destratados-como-comunidad-y-en-algo-tan-esencial-como-es-la-fe\\\/#breadcrumb\"},\"inLanguage\":\"es\",\"potentialAction\":[{\"@type\":\"ReadAction\",\"target\":[\"https:\\\/\\\/laredlarioja.com.ar\\\/sitio\\\/conflicto-en-las-padercitas-nos-sentimos-destratados-como-comunidad-y-en-algo-tan-esencial-como-es-la-fe\\\/\"]}]},{\"@type\":\"ImageObject\",\"inLanguage\":\"es\",\"@id\":\"https:\\\/\\\/laredlarioja.com.ar\\\/sitio\\\/conflicto-en-las-padercitas-nos-sentimos-destratados-como-comunidad-y-en-algo-tan-esencial-como-es-la-fe\\\/#primaryimage\",\"url\":\"https:\\\/\\\/laredlarioja.com.ar\\\/sitio\\\/wp-content\\\/uploads\\\/2026\\\/04\\\/Las-Padercitas.jpg\",\"contentUrl\":\"https:\\\/\\\/laredlarioja.com.ar\\\/sitio\\\/wp-content\\\/uploads\\\/2026\\\/04\\\/Las-Padercitas.jpg\",\"width\":800,\"height\":495},{\"@type\":\"BreadcrumbList\",\"@id\":\"https:\\\/\\\/laredlarioja.com.ar\\\/sitio\\\/conflicto-en-las-padercitas-nos-sentimos-destratados-como-comunidad-y-en-algo-tan-esencial-como-es-la-fe\\\/#breadcrumb\",\"itemListElement\":[{\"@type\":\"ListItem\",\"position\":1,\"name\":\"Portada\",\"item\":\"https:\\\/\\\/laredlarioja.com.ar\\\/sitio\\\/\"},{\"@type\":\"ListItem\",\"position\":2,\"name\":\"Conflicto en Las Padercitas: \u201cNos sentimos destratados como comunidad y en algo tan esencial como es la fe\u201d\"}]},{\"@type\":\"WebSite\",\"@id\":\"https:\\\/\\\/laredlarioja.com.ar\\\/sitio\\\/#website\",\"url\":\"https:\\\/\\\/laredlarioja.com.ar\\\/sitio\\\/\",\"name\":\"LA RED 88.3 LA RIOJA\",\"description\":\"Sitio de Noticias\",\"publisher\":{\"@id\":\"https:\\\/\\\/laredlarioja.com.ar\\\/sitio\\\/#organization\"},\"potentialAction\":[{\"@type\":\"SearchAction\",\"target\":{\"@type\":\"EntryPoint\",\"urlTemplate\":\"https:\\\/\\\/laredlarioja.com.ar\\\/sitio\\\/?s={search_term_string}\"},\"query-input\":{\"@type\":\"PropertyValueSpecification\",\"valueRequired\":true,\"valueName\":\"search_term_string\"}}],\"inLanguage\":\"es\"},{\"@type\":\"Organization\",\"@id\":\"https:\\\/\\\/laredlarioja.com.ar\\\/sitio\\\/#organization\",\"name\":\"LA RED 88.3 LA RIOJA\",\"url\":\"https:\\\/\\\/laredlarioja.com.ar\\\/sitio\\\/\",\"logo\":{\"@type\":\"ImageObject\",\"inLanguage\":\"es\",\"@id\":\"https:\\\/\\\/laredlarioja.com.ar\\\/sitio\\\/#\\\/schema\\\/logo\\\/image\\\/\",\"url\":\"https:\\\/\\\/laredlarioja.com.ar\\\/sitio\\\/wp-content\\\/uploads\\\/2025\\\/05\\\/LOGO-LA-RED.png\",\"contentUrl\":\"https:\\\/\\\/laredlarioja.com.ar\\\/sitio\\\/wp-content\\\/uploads\\\/2025\\\/05\\\/LOGO-LA-RED.png\",\"width\":193,\"height\":340,\"caption\":\"LA RED 88.3 LA RIOJA\"},\"image\":{\"@id\":\"https:\\\/\\\/laredlarioja.com.ar\\\/sitio\\\/#\\\/schema\\\/logo\\\/image\\\/\"},\"sameAs\":[\"https:\\\/\\\/www.facebook.com\\\/lared.larioja\",\"https:\\\/\\\/x.com\\\/laredlarioja1\",\"https:\\\/\\\/www.instagram.com\\\/lared_larioja\\\/\"]},{\"@type\":\"Person\",\"@id\":\"https:\\\/\\\/laredlarioja.com.ar\\\/sitio\\\/#\\\/schema\\\/person\\\/f1e213867beccedaaa4fb548d9259d9a\",\"name\":\"La Red\",\"url\":\"https:\\\/\\\/laredlarioja.com.ar\\\/sitio\\\/author\\\/lared\\\/\"}]}<\/script>\n<!-- \/ Yoast SEO plugin. -->","yoast_head_json":{"title":"Conflicto en Las Padercitas: \u201cNos sentimos destratados como comunidad y en algo tan esencial como es la fe\u201d - LA RED 88.3 LA RIOJA","robots":{"index":"index","follow":"follow","max-snippet":"max-snippet:-1","max-image-preview":"max-image-preview:large","max-video-preview":"max-video-preview:-1"},"canonical":"https:\/\/laredlarioja.com.ar\/sitio\/conflicto-en-las-padercitas-nos-sentimos-destratados-como-comunidad-y-en-algo-tan-esencial-como-es-la-fe\/","og_locale":"es_ES","og_type":"article","og_title":"Conflicto en Las Padercitas: \u201cNos sentimos destratados como comunidad y en algo tan esencial como es la fe\u201d - LA RED 88.3 LA RIOJA","og_description":"Un profundo malestar atraviesa a vecinos y vecinas de Las Padercitas, quienes vienen manifestando su preocupaci\u00f3n por la","og_url":"https:\/\/laredlarioja.com.ar\/sitio\/conflicto-en-las-padercitas-nos-sentimos-destratados-como-comunidad-y-en-algo-tan-esencial-como-es-la-fe\/","og_site_name":"LA RED 88.3 LA RIOJA","article_publisher":"https:\/\/www.facebook.com\/lared.larioja","article_published_time":"2026-04-30T13:22:31+00:00","article_modified_time":"2026-04-30T13:56:04+00:00","og_image":[{"width":800,"height":495,"url":"https:\/\/laredlarioja.com.ar\/sitio\/wp-content\/uploads\/2026\/04\/Las-Padercitas.jpg","type":"image\/jpeg"}],"author":"La Red","twitter_card":"summary_large_image","twitter_creator":"@laredlarioja1","twitter_site":"@laredlarioja1","twitter_misc":{"Escrito por":"La Red","Tiempo de lectura":"4 minutos"},"schema":{"@context":"https:\/\/schema.org","@graph":[{"@type":"Article","@id":"https:\/\/laredlarioja.com.ar\/sitio\/conflicto-en-las-padercitas-nos-sentimos-destratados-como-comunidad-y-en-algo-tan-esencial-como-es-la-fe\/#article","isPartOf":{"@id":"https:\/\/laredlarioja.com.ar\/sitio\/conflicto-en-las-padercitas-nos-sentimos-destratados-como-comunidad-y-en-algo-tan-esencial-como-es-la-fe\/"},"author":{"name":"La Red","@id":"https:\/\/laredlarioja.com.ar\/sitio\/#\/schema\/person\/f1e213867beccedaaa4fb548d9259d9a"},"headline":"Conflicto en Las Padercitas: \u201cNos sentimos destratados como comunidad y en algo tan esencial como es la fe\u201d","datePublished":"2026-04-30T13:22:31+00:00","dateModified":"2026-04-30T13:56:04+00:00","mainEntityOfPage":{"@id":"https:\/\/laredlarioja.com.ar\/sitio\/conflicto-en-las-padercitas-nos-sentimos-destratados-como-comunidad-y-en-algo-tan-esencial-como-es-la-fe\/"},"wordCount":686,"publisher":{"@id":"https:\/\/laredlarioja.com.ar\/sitio\/#organization"},"image":{"@id":"https:\/\/laredlarioja.com.ar\/sitio\/conflicto-en-las-padercitas-nos-sentimos-destratados-como-comunidad-y-en-algo-tan-esencial-como-es-la-fe\/#primaryimage"},"thumbnailUrl":"https:\/\/laredlarioja.com.ar\/sitio\/wp-content\/uploads\/2026\/04\/Las-Padercitas.jpg","articleSection":["Tapa"],"inLanguage":"es"},{"@type":"WebPage","@id":"https:\/\/laredlarioja.com.ar\/sitio\/conflicto-en-las-padercitas-nos-sentimos-destratados-como-comunidad-y-en-algo-tan-esencial-como-es-la-fe\/","url":"https:\/\/laredlarioja.com.ar\/sitio\/conflicto-en-las-padercitas-nos-sentimos-destratados-como-comunidad-y-en-algo-tan-esencial-como-es-la-fe\/","name":"Conflicto en Las Padercitas: \u201cNos sentimos destratados como comunidad y en algo tan esencial como es la fe\u201d - LA RED 88.3 LA RIOJA","isPartOf":{"@id":"https:\/\/laredlarioja.com.ar\/sitio\/#website"},"primaryImageOfPage":{"@id":"https:\/\/laredlarioja.com.ar\/sitio\/conflicto-en-las-padercitas-nos-sentimos-destratados-como-comunidad-y-en-algo-tan-esencial-como-es-la-fe\/#primaryimage"},"image":{"@id":"https:\/\/laredlarioja.com.ar\/sitio\/conflicto-en-las-padercitas-nos-sentimos-destratados-como-comunidad-y-en-algo-tan-esencial-como-es-la-fe\/#primaryimage"},"thumbnailUrl":"https:\/\/laredlarioja.com.ar\/sitio\/wp-content\/uploads\/2026\/04\/Las-Padercitas.jpg","datePublished":"2026-04-30T13:22:31+00:00","dateModified":"2026-04-30T13:56:04+00:00","breadcrumb":{"@id":"https:\/\/laredlarioja.com.ar\/sitio\/conflicto-en-las-padercitas-nos-sentimos-destratados-como-comunidad-y-en-algo-tan-esencial-como-es-la-fe\/#breadcrumb"},"inLanguage":"es","potentialAction":[{"@type":"ReadAction","target":["https:\/\/laredlarioja.com.ar\/sitio\/conflicto-en-las-padercitas-nos-sentimos-destratados-como-comunidad-y-en-algo-tan-esencial-como-es-la-fe\/"]}]},{"@type":"ImageObject","inLanguage":"es","@id":"https:\/\/laredlarioja.com.ar\/sitio\/conflicto-en-las-padercitas-nos-sentimos-destratados-como-comunidad-y-en-algo-tan-esencial-como-es-la-fe\/#primaryimage","url":"https:\/\/laredlarioja.com.ar\/sitio\/wp-content\/uploads\/2026\/04\/Las-Padercitas.jpg","contentUrl":"https:\/\/laredlarioja.com.ar\/sitio\/wp-content\/uploads\/2026\/04\/Las-Padercitas.jpg","width":800,"height":495},{"@type":"BreadcrumbList","@id":"https:\/\/laredlarioja.com.ar\/sitio\/conflicto-en-las-padercitas-nos-sentimos-destratados-como-comunidad-y-en-algo-tan-esencial-como-es-la-fe\/#breadcrumb","itemListElement":[{"@type":"ListItem","position":1,"name":"Portada","item":"https:\/\/laredlarioja.com.ar\/sitio\/"},{"@type":"ListItem","position":2,"name":"Conflicto en Las Padercitas: \u201cNos sentimos destratados como comunidad y en algo tan esencial como es la fe\u201d"}]},{"@type":"WebSite","@id":"https:\/\/laredlarioja.com.ar\/sitio\/#website","url":"https:\/\/laredlarioja.com.ar\/sitio\/","name":"LA RED 88.3 LA RIOJA","description":"Sitio de Noticias","publisher":{"@id":"https:\/\/laredlarioja.com.ar\/sitio\/#organization"},"potentialAction":[{"@type":"SearchAction","target":{"@type":"EntryPoint","urlTemplate":"https:\/\/laredlarioja.com.ar\/sitio\/?s={search_term_string}"},"query-input":{"@type":"PropertyValueSpecification","valueRequired":true,"valueName":"search_term_string"}}],"inLanguage":"es"},{"@type":"Organization","@id":"https:\/\/laredlarioja.com.ar\/sitio\/#organization","name":"LA RED 88.3 LA RIOJA","url":"https:\/\/laredlarioja.com.ar\/sitio\/","logo":{"@type":"ImageObject","inLanguage":"es","@id":"https:\/\/laredlarioja.com.ar\/sitio\/#\/schema\/logo\/image\/","url":"https:\/\/laredlarioja.com.ar\/sitio\/wp-content\/uploads\/2025\/05\/LOGO-LA-RED.png","contentUrl":"https:\/\/laredlarioja.com.ar\/sitio\/wp-content\/uploads\/2025\/05\/LOGO-LA-RED.png","width":193,"height":340,"caption":"LA RED 88.3 LA RIOJA"},"image":{"@id":"https:\/\/laredlarioja.com.ar\/sitio\/#\/schema\/logo\/image\/"},"sameAs":["https:\/\/www.facebook.com\/lared.larioja","https:\/\/x.com\/laredlarioja1","https:\/\/www.instagram.com\/lared_larioja\/"]},{"@type":"Person","@id":"https:\/\/laredlarioja.com.ar\/sitio\/#\/schema\/person\/f1e213867beccedaaa4fb548d9259d9a","name":"La Red","url":"https:\/\/laredlarioja.com.ar\/sitio\/author\/lared\/"}]}},"featured_image_urls":{"full":["https:\/\/laredlarioja.com.ar\/sitio\/wp-content\/uploads\/2026\/04\/Las-Padercitas.jpg",800,495,false],"thumbnail":["https:\/\/laredlarioja.com.ar\/sitio\/wp-content\/uploads\/2026\/04\/Las-Padercitas-150x150.jpg",150,150,true],"medium":["https:\/\/laredlarioja.com.ar\/sitio\/wp-content\/uploads\/2026\/04\/Las-Padercitas-300x186.jpg",300,186,true],"medium_large":["https:\/\/laredlarioja.com.ar\/sitio\/wp-content\/uploads\/2026\/04\/Las-Padercitas-768x475.jpg",640,396,true],"large":["https:\/\/laredlarioja.com.ar\/sitio\/wp-content\/uploads\/2026\/04\/Las-Padercitas.jpg",640,396,false],"1536x1536":["https:\/\/laredlarioja.com.ar\/sitio\/wp-content\/uploads\/2026\/04\/Las-Padercitas.jpg",800,495,false],"2048x2048":["https:\/\/laredlarioja.com.ar\/sitio\/wp-content\/uploads\/2026\/04\/Las-Padercitas.jpg",800,495,false],"cvmm-medium":["https:\/\/laredlarioja.com.ar\/sitio\/wp-content\/uploads\/2026\/04\/Las-Padercitas-300x300.jpg",300,300,true],"cvmm-medium-plus":["https:\/\/laredlarioja.com.ar\/sitio\/wp-content\/uploads\/2026\/04\/Las-Padercitas-305x207.jpg",305,207,true],"cvmm-portrait":["https:\/\/laredlarioja.com.ar\/sitio\/wp-content\/uploads\/2026\/04\/Las-Padercitas-400x495.jpg",400,495,true],"cvmm-medium-square":["https:\/\/laredlarioja.com.ar\/sitio\/wp-content\/uploads\/2026\/04\/Las-Padercitas-600x495.jpg",600,495,true],"cvmm-large":["https:\/\/laredlarioja.com.ar\/sitio\/wp-content\/uploads\/2026\/04\/Las-Padercitas.jpg",800,495,false],"cvmm-small":["https:\/\/laredlarioja.com.ar\/sitio\/wp-content\/uploads\/2026\/04\/Las-Padercitas-130x95.jpg",130,95,true],"morenews-large":["https:\/\/laredlarioja.com.ar\/sitio\/wp-content\/uploads\/2026\/04\/Las-Padercitas.jpg",800,495,false],"morenews-medium":["https:\/\/laredlarioja.com.ar\/sitio\/wp-content\/uploads\/2026\/04\/Las-Padercitas-590x410.jpg",590,410,true]},"author_info":{"display_name":"La Red","author_link":"https:\/\/laredlarioja.com.ar\/sitio\/author\/lared\/"},"category_info":"<a href=\"https:\/\/laredlarioja.com.ar\/sitio\/categorias\/tapa\/\" rel=\"category tag\">Tapa<\/a>","tag_info":"Tapa","comment_count":"0","blog_post_layout_featured_media_urls":{"thumbnail":["https:\/\/laredlarioja.com.ar\/sitio\/wp-content\/uploads\/2026\/04\/Las-Padercitas-150x150.jpg",150,150,true],"full":["https:\/\/laredlarioja.com.ar\/sitio\/wp-content\/uploads\/2026\/04\/Las-Padercitas.jpg",800,495,false]},"categories_names":{"100":{"name":"Tapa","link":"https:\/\/laredlarioja.com.ar\/sitio\/categorias\/tapa\/"}},"tags_names":[],"comments_number":"0","wpmagazine_modules_lite_featured_media_urls":{"thumbnail":["https:\/\/laredlarioja.com.ar\/sitio\/wp-content\/uploads\/2026\/04\/Las-Padercitas-150x150.jpg",150,150,true],"cvmm-medium":["https:\/\/laredlarioja.com.ar\/sitio\/wp-content\/uploads\/2026\/04\/Las-Padercitas-300x300.jpg",300,300,true],"cvmm-medium-plus":["https:\/\/laredlarioja.com.ar\/sitio\/wp-content\/uploads\/2026\/04\/Las-Padercitas-305x207.jpg",305,207,true],"cvmm-portrait":["https:\/\/laredlarioja.com.ar\/sitio\/wp-content\/uploads\/2026\/04\/Las-Padercitas-400x495.jpg",400,495,true],"cvmm-medium-square":["https:\/\/laredlarioja.com.ar\/sitio\/wp-content\/uploads\/2026\/04\/Las-Padercitas-600x495.jpg",600,495,true],"cvmm-large":["https:\/\/laredlarioja.com.ar\/sitio\/wp-content\/uploads\/2026\/04\/Las-Padercitas.jpg",800,495,false],"cvmm-small":["https:\/\/laredlarioja.com.ar\/sitio\/wp-content\/uploads\/2026\/04\/Las-Padercitas-130x95.jpg",130,95,true],"full":["https:\/\/laredlarioja.com.ar\/sitio\/wp-content\/uploads\/2026\/04\/Las-Padercitas.jpg",800,495,false]},"_links":{"self":[{"href":"https:\/\/laredlarioja.com.ar\/sitio\/wp-json\/wp\/v2\/posts\/77713","targetHints":{"allow":["GET"]}}],"collection":[{"href":"https:\/\/laredlarioja.com.ar\/sitio\/wp-json\/wp\/v2\/posts"}],"about":[{"href":"https:\/\/laredlarioja.com.ar\/sitio\/wp-json\/wp\/v2\/types\/post"}],"author":[{"embeddable":true,"href":"https:\/\/laredlarioja.com.ar\/sitio\/wp-json\/wp\/v2\/users\/10"}],"replies":[{"embeddable":true,"href":"https:\/\/laredlarioja.com.ar\/sitio\/wp-json\/wp\/v2\/comments?post=77713"}],"version-history":[{"count":3,"href":"https:\/\/laredlarioja.com.ar\/sitio\/wp-json\/wp\/v2\/posts\/77713\/revisions"}],"predecessor-version":[{"id":77718,"href":"https:\/\/laredlarioja.com.ar\/sitio\/wp-json\/wp\/v2\/posts\/77713\/revisions\/77718"}],"wp:featuredmedia":[{"embeddable":true,"href":"https:\/\/laredlarioja.com.ar\/sitio\/wp-json\/wp\/v2\/media\/76984"}],"wp:attachment":[{"href":"https:\/\/laredlarioja.com.ar\/sitio\/wp-json\/wp\/v2\/media?parent=77713"}],"wp:term":[{"taxonomy":"category","embeddable":true,"href":"https:\/\/laredlarioja.com.ar\/sitio\/wp-json\/wp\/v2\/categories?post=77713"},{"taxonomy":"post_tag","embeddable":true,"href":"https:\/\/laredlarioja.com.ar\/sitio\/wp-json\/wp\/v2\/tags?post=77713"}],"curies":[{"name":"wp","href":"https:\/\/api.w.org\/{rel}","templated":true}]}}