{"id":77720,"date":"2026-04-30T13:44:20","date_gmt":"2026-04-30T13:44:20","guid":{"rendered":"https:\/\/laredlarioja.com.ar\/sitio\/?p=77720"},"modified":"2026-04-30T14:05:09","modified_gmt":"2026-04-30T14:05:09","slug":"vicuna-reiniciara-los-trabajos-en-la-rioja-y-prepara-obras-viales","status":"publish","type":"post","link":"https:\/\/laredlarioja.com.ar\/sitio\/vicuna-reiniciara-los-trabajos-en-la-rioja-y-prepara-obras-viales\/","title":{"rendered":"Vicu\u00f1a reiniciar\u00e1 los trabajos en La Rioja y prepara obras viales"},"content":{"rendered":"<p>La empresa Vicu\u00f1a destac\u00f3, este jueves por medio de un comunicado de presa,\u00a0 la decisi\u00f3n de la Provincia de La Rioja de avanzar con el tratamiento<br \/>\nde las declaraciones de Impacto Ambiental para r<strong>einiciar las obras de la ruta provincial 506 y el bypass a Guandacol en cuanto la orden judicial que lo impide sea <\/strong><strong>dejada sin efecto.<\/strong> \u00abEsto nos permitir\u00e1 retomar el mantenimiento del camino y continuar con la licitaci\u00f3n para concretar la circunvalaci\u00f3n, proceso del que est\u00e1n<br \/>\nparticipando varias empresas riojanas y que, en construcci\u00f3n, generar\u00e1 oportunidades de empleo para miembros de nuestras comunidades\u00bb, dice el comunicado y agrega: \u00ablas actividades se llevar\u00e1n adelante conforme a los est\u00e1ndares t\u00e9cnicos, ambientales y operativos del proyecto, as\u00ed como al marco regulatorio aplicable\u00bb<\/p>\n<p>\u00abEsto se enmarca en un esquema de articulaci\u00f3n m\u00e1s amplio que se ven\u00eda abordando con la provincia previo a las acciones judiciales, que permita ordenar las<br \/>\ndistintas iniciativas vinculadas al desarrollo del proyecto, la generaci\u00f3n de empleo local y el fortalecimiento de capacidades en la regi\u00f3n\u00bb, afirman desde la empresa y adelanta que \u00a0Vicu\u00f1a prev\u00e9 retomar las conversaciones con el Gobierno de La Rioja para explorar oportunidades de desarrollo minero en la provincia, as\u00ed como continuar impulsando iniciativas que promuevan la capacitaci\u00f3n de mano de obra y el desarrollo de proveedores en las comunidades cercanas, con el objetivo de<br \/>\ncontribuir con el desarrollo econ\u00f3mico local. En este marco, Vicu\u00f1a prev\u00e9 mantener encuentros en La Rioja con el Gobierno en las pr\u00f3ximas semanas\u00bb.<\/p>\n<a href=\"https:\/\/laredlarioja.com.ar\/sitio\/wp-content\/uploads\/2026\/04\/Comunicado-de-Prensa-Vicuna-reiniciara-los-trabajos-en-La-Rioja.pdf\" class=\"pdfemb-viewer\" style=\"\" data-width=\"max\" data-height=\"max\" data-toolbar=\"bottom\" data-toolbar-fixed=\"off\">Comunicado de Prensa - Vicu\u00f1a reiniciar\u00e1 los trabajos en La Rioja<\/a>\n","protected":false},"excerpt":{"rendered":"<p>La empresa Vicu\u00f1a destac\u00f3, este jueves por medio de un comunicado de presa,\u00a0 la decisi\u00f3n de la Provincia<\/p>\n","protected":false},"author":10,"featured_media":77722,"comment_status":"closed","ping_status":"open","sticky":false,"template":"","format":"standard","meta":{"footnotes":""},"categories":[23],"tags":[],"class_list":["post-77720","post","type-post","status-publish","format-standard","has-post-thumbnail","hentry","category-politica"],"yoast_head":"<!-- This site is optimized with the Yoast SEO plugin v27.4 - https:\/\/yoast.com\/product\/yoast-seo-wordpress\/ -->\n<title>Vicu\u00f1a reiniciar\u00e1 los trabajos en La Rioja y prepara obras viales - LA RED 88.3 LA RIOJA<\/title>\n<meta name=\"robots\" content=\"index, follow, max-snippet:-1, max-image-preview:large, max-video-preview:-1\" \/>\n<link rel=\"canonical\" href=\"https:\/\/laredlarioja.com.ar\/sitio\/vicuna-reiniciara-los-trabajos-en-la-rioja-y-prepara-obras-viales\/\" \/>\n<meta property=\"og:locale\" content=\"es_ES\" \/>\n<meta property=\"og:type\" content=\"article\" \/>\n<meta property=\"og:title\" content=\"Vicu\u00f1a reiniciar\u00e1 los trabajos en La Rioja y prepara obras viales - LA RED 88.3 LA RIOJA\" \/>\n<meta property=\"og:description\" content=\"La empresa Vicu\u00f1a destac\u00f3, este jueves por medio de un comunicado de presa,\u00a0 la decisi\u00f3n de la Provincia\" \/>\n<meta property=\"og:url\" content=\"https:\/\/laredlarioja.com.ar\/sitio\/vicuna-reiniciara-los-trabajos-en-la-rioja-y-prepara-obras-viales\/\" \/>\n<meta property=\"og:site_name\" content=\"LA RED 88.3 LA RIOJA\" \/>\n<meta property=\"article:publisher\" content=\"https:\/\/www.facebook.com\/lared.larioja\" \/>\n<meta property=\"article:published_time\" content=\"2026-04-30T13:44:20+00:00\" \/>\n<meta property=\"article:modified_time\" content=\"2026-04-30T14:05:09+00:00\" \/>\n<meta property=\"og:image\" content=\"https:\/\/laredlarioja.com.ar\/sitio\/wp-content\/uploads\/2026\/04\/vicuna-sjjpg.webp\" \/>\n\t<meta property=\"og:image:width\" content=\"730\" \/>\n\t<meta property=\"og:image:height\" content=\"411\" \/>\n\t<meta property=\"og:image:type\" content=\"image\/webp\" \/>\n<meta name=\"author\" content=\"La Red\" \/>\n<meta name=\"twitter:card\" content=\"summary_large_image\" \/>\n<meta name=\"twitter:creator\" content=\"@laredlarioja1\" \/>\n<meta name=\"twitter:site\" content=\"@laredlarioja1\" \/>\n<meta name=\"twitter:label1\" content=\"Escrito por\" \/>\n\t<meta name=\"twitter:data1\" content=\"La Red\" \/>\n\t<meta name=\"twitter:label2\" content=\"Tiempo de lectura\" \/>\n\t<meta name=\"twitter:data2\" content=\"2 minutos\" \/>\n<script type=\"application\/ld+json\" class=\"yoast-schema-graph\">{\"@context\":\"https:\\\/\\\/schema.org\",\"@graph\":[{\"@type\":\"Article\",\"@id\":\"https:\\\/\\\/laredlarioja.com.ar\\\/sitio\\\/vicuna-reiniciara-los-trabajos-en-la-rioja-y-prepara-obras-viales\\\/#article\",\"isPartOf\":{\"@id\":\"https:\\\/\\\/laredlarioja.com.ar\\\/sitio\\\/vicuna-reiniciara-los-trabajos-en-la-rioja-y-prepara-obras-viales\\\/\"},\"author\":{\"name\":\"La Red\",\"@id\":\"https:\\\/\\\/laredlarioja.com.ar\\\/sitio\\\/#\\\/schema\\\/person\\\/f1e213867beccedaaa4fb548d9259d9a\"},\"headline\":\"Vicu\u00f1a reiniciar\u00e1 los trabajos en La Rioja y prepara obras viales\",\"datePublished\":\"2026-04-30T13:44:20+00:00\",\"dateModified\":\"2026-04-30T14:05:09+00:00\",\"mainEntityOfPage\":{\"@id\":\"https:\\\/\\\/laredlarioja.com.ar\\\/sitio\\\/vicuna-reiniciara-los-trabajos-en-la-rioja-y-prepara-obras-viales\\\/\"},\"wordCount\":298,\"publisher\":{\"@id\":\"https:\\\/\\\/laredlarioja.com.ar\\\/sitio\\\/#organization\"},\"image\":{\"@id\":\"https:\\\/\\\/laredlarioja.com.ar\\\/sitio\\\/vicuna-reiniciara-los-trabajos-en-la-rioja-y-prepara-obras-viales\\\/#primaryimage\"},\"thumbnailUrl\":\"https:\\\/\\\/laredlarioja.com.ar\\\/sitio\\\/wp-content\\\/uploads\\\/2026\\\/04\\\/vicuna-sjjpg.webp\",\"articleSection\":[\"Pol\u00edtica\"],\"inLanguage\":\"es\"},{\"@type\":\"WebPage\",\"@id\":\"https:\\\/\\\/laredlarioja.com.ar\\\/sitio\\\/vicuna-reiniciara-los-trabajos-en-la-rioja-y-prepara-obras-viales\\\/\",\"url\":\"https:\\\/\\\/laredlarioja.com.ar\\\/sitio\\\/vicuna-reiniciara-los-trabajos-en-la-rioja-y-prepara-obras-viales\\\/\",\"name\":\"Vicu\u00f1a reiniciar\u00e1 los trabajos en La Rioja y prepara obras viales - LA RED 88.3 LA RIOJA\",\"isPartOf\":{\"@id\":\"https:\\\/\\\/laredlarioja.com.ar\\\/sitio\\\/#website\"},\"primaryImageOfPage\":{\"@id\":\"https:\\\/\\\/laredlarioja.com.ar\\\/sitio\\\/vicuna-reiniciara-los-trabajos-en-la-rioja-y-prepara-obras-viales\\\/#primaryimage\"},\"image\":{\"@id\":\"https:\\\/\\\/laredlarioja.com.ar\\\/sitio\\\/vicuna-reiniciara-los-trabajos-en-la-rioja-y-prepara-obras-viales\\\/#primaryimage\"},\"thumbnailUrl\":\"https:\\\/\\\/laredlarioja.com.ar\\\/sitio\\\/wp-content\\\/uploads\\\/2026\\\/04\\\/vicuna-sjjpg.webp\",\"datePublished\":\"2026-04-30T13:44:20+00:00\",\"dateModified\":\"2026-04-30T14:05:09+00:00\",\"breadcrumb\":{\"@id\":\"https:\\\/\\\/laredlarioja.com.ar\\\/sitio\\\/vicuna-reiniciara-los-trabajos-en-la-rioja-y-prepara-obras-viales\\\/#breadcrumb\"},\"inLanguage\":\"es\",\"potentialAction\":[{\"@type\":\"ReadAction\",\"target\":[\"https:\\\/\\\/laredlarioja.com.ar\\\/sitio\\\/vicuna-reiniciara-los-trabajos-en-la-rioja-y-prepara-obras-viales\\\/\"]}]},{\"@type\":\"ImageObject\",\"inLanguage\":\"es\",\"@id\":\"https:\\\/\\\/laredlarioja.com.ar\\\/sitio\\\/vicuna-reiniciara-los-trabajos-en-la-rioja-y-prepara-obras-viales\\\/#primaryimage\",\"url\":\"https:\\\/\\\/laredlarioja.com.ar\\\/sitio\\\/wp-content\\\/uploads\\\/2026\\\/04\\\/vicuna-sjjpg.webp\",\"contentUrl\":\"https:\\\/\\\/laredlarioja.com.ar\\\/sitio\\\/wp-content\\\/uploads\\\/2026\\\/04\\\/vicuna-sjjpg.webp\",\"width\":730,\"height\":411},{\"@type\":\"BreadcrumbList\",\"@id\":\"https:\\\/\\\/laredlarioja.com.ar\\\/sitio\\\/vicuna-reiniciara-los-trabajos-en-la-rioja-y-prepara-obras-viales\\\/#breadcrumb\",\"itemListElement\":[{\"@type\":\"ListItem\",\"position\":1,\"name\":\"Portada\",\"item\":\"https:\\\/\\\/laredlarioja.com.ar\\\/sitio\\\/\"},{\"@type\":\"ListItem\",\"position\":2,\"name\":\"Vicu\u00f1a reiniciar\u00e1 los trabajos en La Rioja y prepara obras viales\"}]},{\"@type\":\"WebSite\",\"@id\":\"https:\\\/\\\/laredlarioja.com.ar\\\/sitio\\\/#website\",\"url\":\"https:\\\/\\\/laredlarioja.com.ar\\\/sitio\\\/\",\"name\":\"LA RED 88.3 LA RIOJA\",\"description\":\"Sitio de Noticias\",\"publisher\":{\"@id\":\"https:\\\/\\\/laredlarioja.com.ar\\\/sitio\\\/#organization\"},\"potentialAction\":[{\"@type\":\"SearchAction\",\"target\":{\"@type\":\"EntryPoint\",\"urlTemplate\":\"https:\\\/\\\/laredlarioja.com.ar\\\/sitio\\\/?s={search_term_string}\"},\"query-input\":{\"@type\":\"PropertyValueSpecification\",\"valueRequired\":true,\"valueName\":\"search_term_string\"}}],\"inLanguage\":\"es\"},{\"@type\":\"Organization\",\"@id\":\"https:\\\/\\\/laredlarioja.com.ar\\\/sitio\\\/#organization\",\"name\":\"LA RED 88.3 LA RIOJA\",\"url\":\"https:\\\/\\\/laredlarioja.com.ar\\\/sitio\\\/\",\"logo\":{\"@type\":\"ImageObject\",\"inLanguage\":\"es\",\"@id\":\"https:\\\/\\\/laredlarioja.com.ar\\\/sitio\\\/#\\\/schema\\\/logo\\\/image\\\/\",\"url\":\"https:\\\/\\\/laredlarioja.com.ar\\\/sitio\\\/wp-content\\\/uploads\\\/2025\\\/05\\\/LOGO-LA-RED.png\",\"contentUrl\":\"https:\\\/\\\/laredlarioja.com.ar\\\/sitio\\\/wp-content\\\/uploads\\\/2025\\\/05\\\/LOGO-LA-RED.png\",\"width\":193,\"height\":340,\"caption\":\"LA RED 88.3 LA RIOJA\"},\"image\":{\"@id\":\"https:\\\/\\\/laredlarioja.com.ar\\\/sitio\\\/#\\\/schema\\\/logo\\\/image\\\/\"},\"sameAs\":[\"https:\\\/\\\/www.facebook.com\\\/lared.larioja\",\"https:\\\/\\\/x.com\\\/laredlarioja1\",\"https:\\\/\\\/www.instagram.com\\\/lared_larioja\\\/\"]},{\"@type\":\"Person\",\"@id\":\"https:\\\/\\\/laredlarioja.com.ar\\\/sitio\\\/#\\\/schema\\\/person\\\/f1e213867beccedaaa4fb548d9259d9a\",\"name\":\"La Red\",\"url\":\"https:\\\/\\\/laredlarioja.com.ar\\\/sitio\\\/author\\\/lared\\\/\"}]}<\/script>\n<!-- \/ Yoast SEO plugin. -->","yoast_head_json":{"title":"Vicu\u00f1a reiniciar\u00e1 los trabajos en La Rioja y prepara obras viales - LA RED 88.3 LA RIOJA","robots":{"index":"index","follow":"follow","max-snippet":"max-snippet:-1","max-image-preview":"max-image-preview:large","max-video-preview":"max-video-preview:-1"},"canonical":"https:\/\/laredlarioja.com.ar\/sitio\/vicuna-reiniciara-los-trabajos-en-la-rioja-y-prepara-obras-viales\/","og_locale":"es_ES","og_type":"article","og_title":"Vicu\u00f1a reiniciar\u00e1 los trabajos en La Rioja y prepara obras viales - LA RED 88.3 LA RIOJA","og_description":"La empresa Vicu\u00f1a destac\u00f3, este jueves por medio de un comunicado de presa,\u00a0 la decisi\u00f3n de la Provincia","og_url":"https:\/\/laredlarioja.com.ar\/sitio\/vicuna-reiniciara-los-trabajos-en-la-rioja-y-prepara-obras-viales\/","og_site_name":"LA RED 88.3 LA RIOJA","article_publisher":"https:\/\/www.facebook.com\/lared.larioja","article_published_time":"2026-04-30T13:44:20+00:00","article_modified_time":"2026-04-30T14:05:09+00:00","og_image":[{"width":730,"height":411,"url":"https:\/\/laredlarioja.com.ar\/sitio\/wp-content\/uploads\/2026\/04\/vicuna-sjjpg.webp","type":"image\/webp"}],"author":"La Red","twitter_card":"summary_large_image","twitter_creator":"@laredlarioja1","twitter_site":"@laredlarioja1","twitter_misc":{"Escrito por":"La Red","Tiempo de lectura":"2 minutos"},"schema":{"@context":"https:\/\/schema.org","@graph":[{"@type":"Article","@id":"https:\/\/laredlarioja.com.ar\/sitio\/vicuna-reiniciara-los-trabajos-en-la-rioja-y-prepara-obras-viales\/#article","isPartOf":{"@id":"https:\/\/laredlarioja.com.ar\/sitio\/vicuna-reiniciara-los-trabajos-en-la-rioja-y-prepara-obras-viales\/"},"author":{"name":"La Red","@id":"https:\/\/laredlarioja.com.ar\/sitio\/#\/schema\/person\/f1e213867beccedaaa4fb548d9259d9a"},"headline":"Vicu\u00f1a reiniciar\u00e1 los trabajos en La Rioja y prepara obras viales","datePublished":"2026-04-30T13:44:20+00:00","dateModified":"2026-04-30T14:05:09+00:00","mainEntityOfPage":{"@id":"https:\/\/laredlarioja.com.ar\/sitio\/vicuna-reiniciara-los-trabajos-en-la-rioja-y-prepara-obras-viales\/"},"wordCount":298,"publisher":{"@id":"https:\/\/laredlarioja.com.ar\/sitio\/#organization"},"image":{"@id":"https:\/\/laredlarioja.com.ar\/sitio\/vicuna-reiniciara-los-trabajos-en-la-rioja-y-prepara-obras-viales\/#primaryimage"},"thumbnailUrl":"https:\/\/laredlarioja.com.ar\/sitio\/wp-content\/uploads\/2026\/04\/vicuna-sjjpg.webp","articleSection":["Pol\u00edtica"],"inLanguage":"es"},{"@type":"WebPage","@id":"https:\/\/laredlarioja.com.ar\/sitio\/vicuna-reiniciara-los-trabajos-en-la-rioja-y-prepara-obras-viales\/","url":"https:\/\/laredlarioja.com.ar\/sitio\/vicuna-reiniciara-los-trabajos-en-la-rioja-y-prepara-obras-viales\/","name":"Vicu\u00f1a reiniciar\u00e1 los trabajos en La Rioja y prepara obras viales - LA RED 88.3 LA RIOJA","isPartOf":{"@id":"https:\/\/laredlarioja.com.ar\/sitio\/#website"},"primaryImageOfPage":{"@id":"https:\/\/laredlarioja.com.ar\/sitio\/vicuna-reiniciara-los-trabajos-en-la-rioja-y-prepara-obras-viales\/#primaryimage"},"image":{"@id":"https:\/\/laredlarioja.com.ar\/sitio\/vicuna-reiniciara-los-trabajos-en-la-rioja-y-prepara-obras-viales\/#primaryimage"},"thumbnailUrl":"https:\/\/laredlarioja.com.ar\/sitio\/wp-content\/uploads\/2026\/04\/vicuna-sjjpg.webp","datePublished":"2026-04-30T13:44:20+00:00","dateModified":"2026-04-30T14:05:09+00:00","breadcrumb":{"@id":"https:\/\/laredlarioja.com.ar\/sitio\/vicuna-reiniciara-los-trabajos-en-la-rioja-y-prepara-obras-viales\/#breadcrumb"},"inLanguage":"es","potentialAction":[{"@type":"ReadAction","target":["https:\/\/laredlarioja.com.ar\/sitio\/vicuna-reiniciara-los-trabajos-en-la-rioja-y-prepara-obras-viales\/"]}]},{"@type":"ImageObject","inLanguage":"es","@id":"https:\/\/laredlarioja.com.ar\/sitio\/vicuna-reiniciara-los-trabajos-en-la-rioja-y-prepara-obras-viales\/#primaryimage","url":"https:\/\/laredlarioja.com.ar\/sitio\/wp-content\/uploads\/2026\/04\/vicuna-sjjpg.webp","contentUrl":"https:\/\/laredlarioja.com.ar\/sitio\/wp-content\/uploads\/2026\/04\/vicuna-sjjpg.webp","width":730,"height":411},{"@type":"BreadcrumbList","@id":"https:\/\/laredlarioja.com.ar\/sitio\/vicuna-reiniciara-los-trabajos-en-la-rioja-y-prepara-obras-viales\/#breadcrumb","itemListElement":[{"@type":"ListItem","position":1,"name":"Portada","item":"https:\/\/laredlarioja.com.ar\/sitio\/"},{"@type":"ListItem","position":2,"name":"Vicu\u00f1a reiniciar\u00e1 los trabajos en La Rioja y prepara obras viales"}]},{"@type":"WebSite","@id":"https:\/\/laredlarioja.com.ar\/sitio\/#website","url":"https:\/\/laredlarioja.com.ar\/sitio\/","name":"LA RED 88.3 LA RIOJA","description":"Sitio de Noticias","publisher":{"@id":"https:\/\/laredlarioja.com.ar\/sitio\/#organization"},"potentialAction":[{"@type":"SearchAction","target":{"@type":"EntryPoint","urlTemplate":"https:\/\/laredlarioja.com.ar\/sitio\/?s={search_term_string}"},"query-input":{"@type":"PropertyValueSpecification","valueRequired":true,"valueName":"search_term_string"}}],"inLanguage":"es"},{"@type":"Organization","@id":"https:\/\/laredlarioja.com.ar\/sitio\/#organization","name":"LA RED 88.3 LA RIOJA","url":"https:\/\/laredlarioja.com.ar\/sitio\/","logo":{"@type":"ImageObject","inLanguage":"es","@id":"https:\/\/laredlarioja.com.ar\/sitio\/#\/schema\/logo\/image\/","url":"https:\/\/laredlarioja.com.ar\/sitio\/wp-content\/uploads\/2025\/05\/LOGO-LA-RED.png","contentUrl":"https:\/\/laredlarioja.com.ar\/sitio\/wp-content\/uploads\/2025\/05\/LOGO-LA-RED.png","width":193,"height":340,"caption":"LA RED 88.3 LA RIOJA"},"image":{"@id":"https:\/\/laredlarioja.com.ar\/sitio\/#\/schema\/logo\/image\/"},"sameAs":["https:\/\/www.facebook.com\/lared.larioja","https:\/\/x.com\/laredlarioja1","https:\/\/www.instagram.com\/lared_larioja\/"]},{"@type":"Person","@id":"https:\/\/laredlarioja.com.ar\/sitio\/#\/schema\/person\/f1e213867beccedaaa4fb548d9259d9a","name":"La Red","url":"https:\/\/laredlarioja.com.ar\/sitio\/author\/lared\/"}]}},"featured_image_urls":{"full":["https:\/\/laredlarioja.com.ar\/sitio\/wp-content\/uploads\/2026\/04\/vicuna-sjjpg.webp",730,411,false],"thumbnail":["https:\/\/laredlarioja.com.ar\/sitio\/wp-content\/uploads\/2026\/04\/vicuna-sjjpg-150x150.webp",150,150,true],"medium":["https:\/\/laredlarioja.com.ar\/sitio\/wp-content\/uploads\/2026\/04\/vicuna-sjjpg-300x169.webp",300,169,true],"medium_large":["https:\/\/laredlarioja.com.ar\/sitio\/wp-content\/uploads\/2026\/04\/vicuna-sjjpg.webp",640,360,false],"large":["https:\/\/laredlarioja.com.ar\/sitio\/wp-content\/uploads\/2026\/04\/vicuna-sjjpg.webp",640,360,false],"1536x1536":["https:\/\/laredlarioja.com.ar\/sitio\/wp-content\/uploads\/2026\/04\/vicuna-sjjpg.webp",730,411,false],"2048x2048":["https:\/\/laredlarioja.com.ar\/sitio\/wp-content\/uploads\/2026\/04\/vicuna-sjjpg.webp",730,411,false],"cvmm-medium":["https:\/\/laredlarioja.com.ar\/sitio\/wp-content\/uploads\/2026\/04\/vicuna-sjjpg-300x300.webp",300,300,true],"cvmm-medium-plus":["https:\/\/laredlarioja.com.ar\/sitio\/wp-content\/uploads\/2026\/04\/vicuna-sjjpg-305x207.webp",305,207,true],"cvmm-portrait":["https:\/\/laredlarioja.com.ar\/sitio\/wp-content\/uploads\/2026\/04\/vicuna-sjjpg-400x411.webp",400,411,true],"cvmm-medium-square":["https:\/\/laredlarioja.com.ar\/sitio\/wp-content\/uploads\/2026\/04\/vicuna-sjjpg-600x411.webp",600,411,true],"cvmm-large":["https:\/\/laredlarioja.com.ar\/sitio\/wp-content\/uploads\/2026\/04\/vicuna-sjjpg.webp",730,411,false],"cvmm-small":["https:\/\/laredlarioja.com.ar\/sitio\/wp-content\/uploads\/2026\/04\/vicuna-sjjpg-130x95.webp",130,95,true],"morenews-large":["https:\/\/laredlarioja.com.ar\/sitio\/wp-content\/uploads\/2026\/04\/vicuna-sjjpg.webp",730,411,false],"morenews-medium":["https:\/\/laredlarioja.com.ar\/sitio\/wp-content\/uploads\/2026\/04\/vicuna-sjjpg-590x410.webp",590,410,true]},"author_info":{"display_name":"La Red","author_link":"https:\/\/laredlarioja.com.ar\/sitio\/author\/lared\/"},"category_info":"<a href=\"https:\/\/laredlarioja.com.ar\/sitio\/categorias\/politica\/\" rel=\"category tag\">Pol\u00edtica<\/a>","tag_info":"Pol\u00edtica","comment_count":"0","blog_post_layout_featured_media_urls":{"thumbnail":["https:\/\/laredlarioja.com.ar\/sitio\/wp-content\/uploads\/2026\/04\/vicuna-sjjpg-150x150.webp",150,150,true],"full":["https:\/\/laredlarioja.com.ar\/sitio\/wp-content\/uploads\/2026\/04\/vicuna-sjjpg.webp",730,411,false]},"categories_names":{"23":{"name":"Pol\u00edtica","link":"https:\/\/laredlarioja.com.ar\/sitio\/categorias\/politica\/"}},"tags_names":[],"comments_number":"0","wpmagazine_modules_lite_featured_media_urls":{"thumbnail":["https:\/\/laredlarioja.com.ar\/sitio\/wp-content\/uploads\/2026\/04\/vicuna-sjjpg-150x150.webp",150,150,true],"cvmm-medium":["https:\/\/laredlarioja.com.ar\/sitio\/wp-content\/uploads\/2026\/04\/vicuna-sjjpg-300x300.webp",300,300,true],"cvmm-medium-plus":["https:\/\/laredlarioja.com.ar\/sitio\/wp-content\/uploads\/2026\/04\/vicuna-sjjpg-305x207.webp",305,207,true],"cvmm-portrait":["https:\/\/laredlarioja.com.ar\/sitio\/wp-content\/uploads\/2026\/04\/vicuna-sjjpg-400x411.webp",400,411,true],"cvmm-medium-square":["https:\/\/laredlarioja.com.ar\/sitio\/wp-content\/uploads\/2026\/04\/vicuna-sjjpg-600x411.webp",600,411,true],"cvmm-large":["https:\/\/laredlarioja.com.ar\/sitio\/wp-content\/uploads\/2026\/04\/vicuna-sjjpg.webp",730,411,false],"cvmm-small":["https:\/\/laredlarioja.com.ar\/sitio\/wp-content\/uploads\/2026\/04\/vicuna-sjjpg-130x95.webp",130,95,true],"full":["https:\/\/laredlarioja.com.ar\/sitio\/wp-content\/uploads\/2026\/04\/vicuna-sjjpg.webp",730,411,false]},"_links":{"self":[{"href":"https:\/\/laredlarioja.com.ar\/sitio\/wp-json\/wp\/v2\/posts\/77720","targetHints":{"allow":["GET"]}}],"collection":[{"href":"https:\/\/laredlarioja.com.ar\/sitio\/wp-json\/wp\/v2\/posts"}],"about":[{"href":"https:\/\/laredlarioja.com.ar\/sitio\/wp-json\/wp\/v2\/types\/post"}],"author":[{"embeddable":true,"href":"https:\/\/laredlarioja.com.ar\/sitio\/wp-json\/wp\/v2\/users\/10"}],"replies":[{"embeddable":true,"href":"https:\/\/laredlarioja.com.ar\/sitio\/wp-json\/wp\/v2\/comments?post=77720"}],"version-history":[{"count":1,"href":"https:\/\/laredlarioja.com.ar\/sitio\/wp-json\/wp\/v2\/posts\/77720\/revisions"}],"predecessor-version":[{"id":77723,"href":"https:\/\/laredlarioja.com.ar\/sitio\/wp-json\/wp\/v2\/posts\/77720\/revisions\/77723"}],"wp:featuredmedia":[{"embeddable":true,"href":"https:\/\/laredlarioja.com.ar\/sitio\/wp-json\/wp\/v2\/media\/77722"}],"wp:attachment":[{"href":"https:\/\/laredlarioja.com.ar\/sitio\/wp-json\/wp\/v2\/media?parent=77720"}],"wp:term":[{"taxonomy":"category","embeddable":true,"href":"https:\/\/laredlarioja.com.ar\/sitio\/wp-json\/wp\/v2\/categories?post=77720"},{"taxonomy":"post_tag","embeddable":true,"href":"https:\/\/laredlarioja.com.ar\/sitio\/wp-json\/wp\/v2\/tags?post=77720"}],"curies":[{"name":"wp","href":"https:\/\/api.w.org\/{rel}","templated":true}]}}