{"id":77741,"date":"2026-04-30T22:35:06","date_gmt":"2026-04-30T22:35:06","guid":{"rendered":"https:\/\/laredlarioja.com.ar\/sitio\/?p=77741"},"modified":"2026-04-30T23:03:33","modified_gmt":"2026-04-30T23:03:33","slug":"aseguran-que-hay-mas-350-empleados-municipales-en-condiciones-de-jubilarse","status":"publish","type":"post","link":"https:\/\/laredlarioja.com.ar\/sitio\/aseguran-que-hay-mas-350-empleados-municipales-en-condiciones-de-jubilarse\/","title":{"rendered":"Aseguran que hay m\u00e1s 350 empleados municipales en condiciones de jubilarse"},"content":{"rendered":"<p>La directora previsional municipal, Paola D\u00edaz, inform\u00f3 que m\u00e1s de 325 agentes se encuentran en condiciones de iniciar su tr\u00e1mite jubilatorio, aunque cerca del 50% \u2014o incluso un porcentaje mayor\u2014 no cuenta con los 30 a\u00f1os de aportes requeridos, pese a tener la edad necesaria. <strong>El plazo l\u00edmite es hasta septiembre.\u00a0<\/strong><\/p>\n<p><a href=\"https:\/\/laredlarioja.com.ar\/sitio\/wp-content\/uploads\/2023\/12\/municipio-capital.jpg\"><img fetchpriority=\"high\" decoding=\"async\" class=\"alignnone wp-image-40803 size-full\" src=\"https:\/\/laredlarioja.com.ar\/sitio\/wp-content\/uploads\/2023\/12\/municipio-capital.jpg\" alt=\"\" width=\"720\" height=\"420\" srcset=\"https:\/\/laredlarioja.com.ar\/sitio\/wp-content\/uploads\/2023\/12\/municipio-capital.jpg 720w, https:\/\/laredlarioja.com.ar\/sitio\/wp-content\/uploads\/2023\/12\/municipio-capital-300x175.jpg 300w\" sizes=\"(max-width: 720px) 100vw, 720px\" \/><\/a><\/p>\n<p>En este contexto, D\u00edaz remarc\u00f3 que el momento actual es \u201cclave\u201d debido a los plazos vigentes para acceder a la moratoria previsional bajo la Ley 24.476, que permite completar los a\u00f1os de aportes faltantes mediante un pago \u00fanico. \u201cEstamos en tiempos l\u00edmites. Si no hacen este tr\u00e1mite ahora, no van a tener otra posibilidad de jubilarse con <strong>los 30 a\u00f1os de aporte\u201d, advirti\u00f3.<\/strong><\/p>\n<p><strong>Respecto a los costos, explic\u00f3 que el monto var\u00eda seg\u00fan cada caso, pero se ubica entre los 7.000 y los 10.000 pesos aproximadamente, dependiendo del c\u00e1lculo que realiza ANSES<\/strong>. Este pago debe efectuarse de contado, en una sola cuota, al momento del turno asignado.<\/p>\n<p>\u201cEl procedimiento es \u00e1gil: la persona asiste a ANSES, se le realiza el c\u00f3mputo, se completa un formulario y se paga en el acto, generalmente a trav\u00e9s de sistemas como rapiPago. Luego se regresa a ANSES, se valida el pago y se inicia el tr\u00e1mite previsional\u201d, detall\u00f3.<\/p>\n<p>La funcionaria tambi\u00e9n indic\u00f3 que la moratoria tiene vigencia hasta septiembre a nivel nacional, por lo que insisti\u00f3 en la urgencia de iniciar el proceso. <strong>\u201cNo hay otra chance para esta gente. Despu\u00e9s de este plazo, quienes no tengan los 30 a\u00f1os de aportes no podr\u00e1n jubilarse bajo este r\u00e9gimen\u201d, subray\u00f3.<\/strong><\/p>\n<p><strong>En cuanto a los haberes, se\u00f1al\u00f3 que la jubilaci\u00f3n m\u00ednima actual ronda los 463 mil pesos, a lo que se suma un adicional provincial de aproximadamente 125 mil pesos<\/strong>, conocido como \u201cquincenita\u201d. Al finalizar, D\u00edaz explic\u00f3 que la situaci\u00f3n se complejiza debido a que muchos trabajadores municipales fueron incorporados con edad avanzada, lo que dificulta alcanzar los a\u00f1os de servicio requeridos sin recurrir a esta herramienta excepcional.<\/p>\n","protected":false},"excerpt":{"rendered":"<p>La directora previsional municipal, Paola D\u00edaz, inform\u00f3 que m\u00e1s de 325 agentes se encuentran en condiciones de iniciar<\/p>\n","protected":false},"author":7,"featured_media":77742,"comment_status":"closed","ping_status":"open","sticky":false,"template":"","format":"standard","meta":{"footnotes":""},"categories":[100],"tags":[132],"class_list":["post-77741","post","type-post","status-publish","format-standard","has-post-thumbnail","hentry","category-tapa","tag-secundairas"],"yoast_head":"<!-- This site is optimized with the Yoast SEO plugin v27.4 - https:\/\/yoast.com\/product\/yoast-seo-wordpress\/ -->\n<title>Aseguran que hay m\u00e1s 350 empleados municipales en condiciones de jubilarse - LA RED 88.3 LA RIOJA<\/title>\n<meta name=\"robots\" content=\"index, follow, max-snippet:-1, max-image-preview:large, max-video-preview:-1\" \/>\n<link rel=\"canonical\" href=\"https:\/\/laredlarioja.com.ar\/sitio\/aseguran-que-hay-mas-350-empleados-municipales-en-condiciones-de-jubilarse\/\" \/>\n<meta property=\"og:locale\" content=\"es_ES\" \/>\n<meta property=\"og:type\" content=\"article\" \/>\n<meta property=\"og:title\" content=\"Aseguran que hay m\u00e1s 350 empleados municipales en condiciones de jubilarse - LA RED 88.3 LA RIOJA\" \/>\n<meta property=\"og:description\" content=\"La directora previsional municipal, Paola D\u00edaz, inform\u00f3 que m\u00e1s de 325 agentes se encuentran en condiciones de iniciar\" \/>\n<meta property=\"og:url\" content=\"https:\/\/laredlarioja.com.ar\/sitio\/aseguran-que-hay-mas-350-empleados-municipales-en-condiciones-de-jubilarse\/\" \/>\n<meta property=\"og:site_name\" content=\"LA RED 88.3 LA RIOJA\" \/>\n<meta property=\"article:publisher\" content=\"https:\/\/www.facebook.com\/lared.larioja\" \/>\n<meta property=\"article:published_time\" content=\"2026-04-30T22:35:06+00:00\" \/>\n<meta property=\"article:modified_time\" content=\"2026-04-30T23:03:33+00:00\" \/>\n<meta property=\"og:image\" content=\"https:\/\/laredlarioja.com.ar\/sitio\/wp-content\/uploads\/2026\/04\/resize_1510093734.jpg\" \/>\n\t<meta property=\"og:image:width\" content=\"620\" \/>\n\t<meta property=\"og:image:height\" content=\"450\" \/>\n\t<meta property=\"og:image:type\" content=\"image\/jpeg\" \/>\n<meta name=\"author\" content=\"Anabella Soria\" \/>\n<meta name=\"twitter:card\" content=\"summary_large_image\" \/>\n<meta name=\"twitter:creator\" content=\"@laredlarioja1\" \/>\n<meta name=\"twitter:site\" content=\"@laredlarioja1\" \/>\n<meta name=\"twitter:label1\" content=\"Escrito por\" \/>\n\t<meta name=\"twitter:data1\" content=\"Anabella Soria\" \/>\n\t<meta name=\"twitter:label2\" content=\"Tiempo de lectura\" \/>\n\t<meta name=\"twitter:data2\" content=\"2 minutos\" \/>\n<script type=\"application\/ld+json\" class=\"yoast-schema-graph\">{\"@context\":\"https:\\\/\\\/schema.org\",\"@graph\":[{\"@type\":\"Article\",\"@id\":\"https:\\\/\\\/laredlarioja.com.ar\\\/sitio\\\/aseguran-que-hay-mas-350-empleados-municipales-en-condiciones-de-jubilarse\\\/#article\",\"isPartOf\":{\"@id\":\"https:\\\/\\\/laredlarioja.com.ar\\\/sitio\\\/aseguran-que-hay-mas-350-empleados-municipales-en-condiciones-de-jubilarse\\\/\"},\"author\":{\"name\":\"Anabella Soria\",\"@id\":\"https:\\\/\\\/laredlarioja.com.ar\\\/sitio\\\/#\\\/schema\\\/person\\\/31f88059d20c5cf06e974fd895aec56e\"},\"headline\":\"Aseguran que hay m\u00e1s 350 empleados municipales en condiciones de jubilarse\",\"datePublished\":\"2026-04-30T22:35:06+00:00\",\"dateModified\":\"2026-04-30T23:03:33+00:00\",\"mainEntityOfPage\":{\"@id\":\"https:\\\/\\\/laredlarioja.com.ar\\\/sitio\\\/aseguran-que-hay-mas-350-empleados-municipales-en-condiciones-de-jubilarse\\\/\"},\"wordCount\":351,\"publisher\":{\"@id\":\"https:\\\/\\\/laredlarioja.com.ar\\\/sitio\\\/#organization\"},\"image\":{\"@id\":\"https:\\\/\\\/laredlarioja.com.ar\\\/sitio\\\/aseguran-que-hay-mas-350-empleados-municipales-en-condiciones-de-jubilarse\\\/#primaryimage\"},\"thumbnailUrl\":\"https:\\\/\\\/laredlarioja.com.ar\\\/sitio\\\/wp-content\\\/uploads\\\/2026\\\/04\\\/resize_1510093734.jpg\",\"keywords\":[\"Secundairas\"],\"articleSection\":[\"Tapa\"],\"inLanguage\":\"es\"},{\"@type\":\"WebPage\",\"@id\":\"https:\\\/\\\/laredlarioja.com.ar\\\/sitio\\\/aseguran-que-hay-mas-350-empleados-municipales-en-condiciones-de-jubilarse\\\/\",\"url\":\"https:\\\/\\\/laredlarioja.com.ar\\\/sitio\\\/aseguran-que-hay-mas-350-empleados-municipales-en-condiciones-de-jubilarse\\\/\",\"name\":\"Aseguran que hay m\u00e1s 350 empleados municipales en condiciones de jubilarse - LA RED 88.3 LA RIOJA\",\"isPartOf\":{\"@id\":\"https:\\\/\\\/laredlarioja.com.ar\\\/sitio\\\/#website\"},\"primaryImageOfPage\":{\"@id\":\"https:\\\/\\\/laredlarioja.com.ar\\\/sitio\\\/aseguran-que-hay-mas-350-empleados-municipales-en-condiciones-de-jubilarse\\\/#primaryimage\"},\"image\":{\"@id\":\"https:\\\/\\\/laredlarioja.com.ar\\\/sitio\\\/aseguran-que-hay-mas-350-empleados-municipales-en-condiciones-de-jubilarse\\\/#primaryimage\"},\"thumbnailUrl\":\"https:\\\/\\\/laredlarioja.com.ar\\\/sitio\\\/wp-content\\\/uploads\\\/2026\\\/04\\\/resize_1510093734.jpg\",\"datePublished\":\"2026-04-30T22:35:06+00:00\",\"dateModified\":\"2026-04-30T23:03:33+00:00\",\"breadcrumb\":{\"@id\":\"https:\\\/\\\/laredlarioja.com.ar\\\/sitio\\\/aseguran-que-hay-mas-350-empleados-municipales-en-condiciones-de-jubilarse\\\/#breadcrumb\"},\"inLanguage\":\"es\",\"potentialAction\":[{\"@type\":\"ReadAction\",\"target\":[\"https:\\\/\\\/laredlarioja.com.ar\\\/sitio\\\/aseguran-que-hay-mas-350-empleados-municipales-en-condiciones-de-jubilarse\\\/\"]}]},{\"@type\":\"ImageObject\",\"inLanguage\":\"es\",\"@id\":\"https:\\\/\\\/laredlarioja.com.ar\\\/sitio\\\/aseguran-que-hay-mas-350-empleados-municipales-en-condiciones-de-jubilarse\\\/#primaryimage\",\"url\":\"https:\\\/\\\/laredlarioja.com.ar\\\/sitio\\\/wp-content\\\/uploads\\\/2026\\\/04\\\/resize_1510093734.jpg\",\"contentUrl\":\"https:\\\/\\\/laredlarioja.com.ar\\\/sitio\\\/wp-content\\\/uploads\\\/2026\\\/04\\\/resize_1510093734.jpg\",\"width\":620,\"height\":450},{\"@type\":\"BreadcrumbList\",\"@id\":\"https:\\\/\\\/laredlarioja.com.ar\\\/sitio\\\/aseguran-que-hay-mas-350-empleados-municipales-en-condiciones-de-jubilarse\\\/#breadcrumb\",\"itemListElement\":[{\"@type\":\"ListItem\",\"position\":1,\"name\":\"Portada\",\"item\":\"https:\\\/\\\/laredlarioja.com.ar\\\/sitio\\\/\"},{\"@type\":\"ListItem\",\"position\":2,\"name\":\"Aseguran que hay m\u00e1s 350 empleados municipales en condiciones de jubilarse\"}]},{\"@type\":\"WebSite\",\"@id\":\"https:\\\/\\\/laredlarioja.com.ar\\\/sitio\\\/#website\",\"url\":\"https:\\\/\\\/laredlarioja.com.ar\\\/sitio\\\/\",\"name\":\"LA RED 88.3 LA RIOJA\",\"description\":\"Sitio de Noticias\",\"publisher\":{\"@id\":\"https:\\\/\\\/laredlarioja.com.ar\\\/sitio\\\/#organization\"},\"potentialAction\":[{\"@type\":\"SearchAction\",\"target\":{\"@type\":\"EntryPoint\",\"urlTemplate\":\"https:\\\/\\\/laredlarioja.com.ar\\\/sitio\\\/?s={search_term_string}\"},\"query-input\":{\"@type\":\"PropertyValueSpecification\",\"valueRequired\":true,\"valueName\":\"search_term_string\"}}],\"inLanguage\":\"es\"},{\"@type\":\"Organization\",\"@id\":\"https:\\\/\\\/laredlarioja.com.ar\\\/sitio\\\/#organization\",\"name\":\"LA RED 88.3 LA RIOJA\",\"url\":\"https:\\\/\\\/laredlarioja.com.ar\\\/sitio\\\/\",\"logo\":{\"@type\":\"ImageObject\",\"inLanguage\":\"es\",\"@id\":\"https:\\\/\\\/laredlarioja.com.ar\\\/sitio\\\/#\\\/schema\\\/logo\\\/image\\\/\",\"url\":\"https:\\\/\\\/laredlarioja.com.ar\\\/sitio\\\/wp-content\\\/uploads\\\/2025\\\/05\\\/LOGO-LA-RED.png\",\"contentUrl\":\"https:\\\/\\\/laredlarioja.com.ar\\\/sitio\\\/wp-content\\\/uploads\\\/2025\\\/05\\\/LOGO-LA-RED.png\",\"width\":193,\"height\":340,\"caption\":\"LA RED 88.3 LA RIOJA\"},\"image\":{\"@id\":\"https:\\\/\\\/laredlarioja.com.ar\\\/sitio\\\/#\\\/schema\\\/logo\\\/image\\\/\"},\"sameAs\":[\"https:\\\/\\\/www.facebook.com\\\/lared.larioja\",\"https:\\\/\\\/x.com\\\/laredlarioja1\",\"https:\\\/\\\/www.instagram.com\\\/lared_larioja\\\/\"]},{\"@type\":\"Person\",\"@id\":\"https:\\\/\\\/laredlarioja.com.ar\\\/sitio\\\/#\\\/schema\\\/person\\\/31f88059d20c5cf06e974fd895aec56e\",\"name\":\"Anabella Soria\",\"url\":\"https:\\\/\\\/laredlarioja.com.ar\\\/sitio\\\/author\\\/asoria\\\/\"}]}<\/script>\n<!-- \/ Yoast SEO plugin. -->","yoast_head_json":{"title":"Aseguran que hay m\u00e1s 350 empleados municipales en condiciones de jubilarse - LA RED 88.3 LA RIOJA","robots":{"index":"index","follow":"follow","max-snippet":"max-snippet:-1","max-image-preview":"max-image-preview:large","max-video-preview":"max-video-preview:-1"},"canonical":"https:\/\/laredlarioja.com.ar\/sitio\/aseguran-que-hay-mas-350-empleados-municipales-en-condiciones-de-jubilarse\/","og_locale":"es_ES","og_type":"article","og_title":"Aseguran que hay m\u00e1s 350 empleados municipales en condiciones de jubilarse - LA RED 88.3 LA RIOJA","og_description":"La directora previsional municipal, Paola D\u00edaz, inform\u00f3 que m\u00e1s de 325 agentes se encuentran en condiciones de iniciar","og_url":"https:\/\/laredlarioja.com.ar\/sitio\/aseguran-que-hay-mas-350-empleados-municipales-en-condiciones-de-jubilarse\/","og_site_name":"LA RED 88.3 LA RIOJA","article_publisher":"https:\/\/www.facebook.com\/lared.larioja","article_published_time":"2026-04-30T22:35:06+00:00","article_modified_time":"2026-04-30T23:03:33+00:00","og_image":[{"width":620,"height":450,"url":"https:\/\/laredlarioja.com.ar\/sitio\/wp-content\/uploads\/2026\/04\/resize_1510093734.jpg","type":"image\/jpeg"}],"author":"Anabella Soria","twitter_card":"summary_large_image","twitter_creator":"@laredlarioja1","twitter_site":"@laredlarioja1","twitter_misc":{"Escrito por":"Anabella Soria","Tiempo de lectura":"2 minutos"},"schema":{"@context":"https:\/\/schema.org","@graph":[{"@type":"Article","@id":"https:\/\/laredlarioja.com.ar\/sitio\/aseguran-que-hay-mas-350-empleados-municipales-en-condiciones-de-jubilarse\/#article","isPartOf":{"@id":"https:\/\/laredlarioja.com.ar\/sitio\/aseguran-que-hay-mas-350-empleados-municipales-en-condiciones-de-jubilarse\/"},"author":{"name":"Anabella Soria","@id":"https:\/\/laredlarioja.com.ar\/sitio\/#\/schema\/person\/31f88059d20c5cf06e974fd895aec56e"},"headline":"Aseguran que hay m\u00e1s 350 empleados municipales en condiciones de jubilarse","datePublished":"2026-04-30T22:35:06+00:00","dateModified":"2026-04-30T23:03:33+00:00","mainEntityOfPage":{"@id":"https:\/\/laredlarioja.com.ar\/sitio\/aseguran-que-hay-mas-350-empleados-municipales-en-condiciones-de-jubilarse\/"},"wordCount":351,"publisher":{"@id":"https:\/\/laredlarioja.com.ar\/sitio\/#organization"},"image":{"@id":"https:\/\/laredlarioja.com.ar\/sitio\/aseguran-que-hay-mas-350-empleados-municipales-en-condiciones-de-jubilarse\/#primaryimage"},"thumbnailUrl":"https:\/\/laredlarioja.com.ar\/sitio\/wp-content\/uploads\/2026\/04\/resize_1510093734.jpg","keywords":["Secundairas"],"articleSection":["Tapa"],"inLanguage":"es"},{"@type":"WebPage","@id":"https:\/\/laredlarioja.com.ar\/sitio\/aseguran-que-hay-mas-350-empleados-municipales-en-condiciones-de-jubilarse\/","url":"https:\/\/laredlarioja.com.ar\/sitio\/aseguran-que-hay-mas-350-empleados-municipales-en-condiciones-de-jubilarse\/","name":"Aseguran que hay m\u00e1s 350 empleados municipales en condiciones de jubilarse - LA RED 88.3 LA RIOJA","isPartOf":{"@id":"https:\/\/laredlarioja.com.ar\/sitio\/#website"},"primaryImageOfPage":{"@id":"https:\/\/laredlarioja.com.ar\/sitio\/aseguran-que-hay-mas-350-empleados-municipales-en-condiciones-de-jubilarse\/#primaryimage"},"image":{"@id":"https:\/\/laredlarioja.com.ar\/sitio\/aseguran-que-hay-mas-350-empleados-municipales-en-condiciones-de-jubilarse\/#primaryimage"},"thumbnailUrl":"https:\/\/laredlarioja.com.ar\/sitio\/wp-content\/uploads\/2026\/04\/resize_1510093734.jpg","datePublished":"2026-04-30T22:35:06+00:00","dateModified":"2026-04-30T23:03:33+00:00","breadcrumb":{"@id":"https:\/\/laredlarioja.com.ar\/sitio\/aseguran-que-hay-mas-350-empleados-municipales-en-condiciones-de-jubilarse\/#breadcrumb"},"inLanguage":"es","potentialAction":[{"@type":"ReadAction","target":["https:\/\/laredlarioja.com.ar\/sitio\/aseguran-que-hay-mas-350-empleados-municipales-en-condiciones-de-jubilarse\/"]}]},{"@type":"ImageObject","inLanguage":"es","@id":"https:\/\/laredlarioja.com.ar\/sitio\/aseguran-que-hay-mas-350-empleados-municipales-en-condiciones-de-jubilarse\/#primaryimage","url":"https:\/\/laredlarioja.com.ar\/sitio\/wp-content\/uploads\/2026\/04\/resize_1510093734.jpg","contentUrl":"https:\/\/laredlarioja.com.ar\/sitio\/wp-content\/uploads\/2026\/04\/resize_1510093734.jpg","width":620,"height":450},{"@type":"BreadcrumbList","@id":"https:\/\/laredlarioja.com.ar\/sitio\/aseguran-que-hay-mas-350-empleados-municipales-en-condiciones-de-jubilarse\/#breadcrumb","itemListElement":[{"@type":"ListItem","position":1,"name":"Portada","item":"https:\/\/laredlarioja.com.ar\/sitio\/"},{"@type":"ListItem","position":2,"name":"Aseguran que hay m\u00e1s 350 empleados municipales en condiciones de jubilarse"}]},{"@type":"WebSite","@id":"https:\/\/laredlarioja.com.ar\/sitio\/#website","url":"https:\/\/laredlarioja.com.ar\/sitio\/","name":"LA RED 88.3 LA RIOJA","description":"Sitio de Noticias","publisher":{"@id":"https:\/\/laredlarioja.com.ar\/sitio\/#organization"},"potentialAction":[{"@type":"SearchAction","target":{"@type":"EntryPoint","urlTemplate":"https:\/\/laredlarioja.com.ar\/sitio\/?s={search_term_string}"},"query-input":{"@type":"PropertyValueSpecification","valueRequired":true,"valueName":"search_term_string"}}],"inLanguage":"es"},{"@type":"Organization","@id":"https:\/\/laredlarioja.com.ar\/sitio\/#organization","name":"LA RED 88.3 LA RIOJA","url":"https:\/\/laredlarioja.com.ar\/sitio\/","logo":{"@type":"ImageObject","inLanguage":"es","@id":"https:\/\/laredlarioja.com.ar\/sitio\/#\/schema\/logo\/image\/","url":"https:\/\/laredlarioja.com.ar\/sitio\/wp-content\/uploads\/2025\/05\/LOGO-LA-RED.png","contentUrl":"https:\/\/laredlarioja.com.ar\/sitio\/wp-content\/uploads\/2025\/05\/LOGO-LA-RED.png","width":193,"height":340,"caption":"LA RED 88.3 LA RIOJA"},"image":{"@id":"https:\/\/laredlarioja.com.ar\/sitio\/#\/schema\/logo\/image\/"},"sameAs":["https:\/\/www.facebook.com\/lared.larioja","https:\/\/x.com\/laredlarioja1","https:\/\/www.instagram.com\/lared_larioja\/"]},{"@type":"Person","@id":"https:\/\/laredlarioja.com.ar\/sitio\/#\/schema\/person\/31f88059d20c5cf06e974fd895aec56e","name":"Anabella Soria","url":"https:\/\/laredlarioja.com.ar\/sitio\/author\/asoria\/"}]}},"featured_image_urls":{"full":["https:\/\/laredlarioja.com.ar\/sitio\/wp-content\/uploads\/2026\/04\/resize_1510093734.jpg",620,450,false],"thumbnail":["https:\/\/laredlarioja.com.ar\/sitio\/wp-content\/uploads\/2026\/04\/resize_1510093734-150x150.jpg",150,150,true],"medium":["https:\/\/laredlarioja.com.ar\/sitio\/wp-content\/uploads\/2026\/04\/resize_1510093734-300x218.jpg",300,218,true],"medium_large":["https:\/\/laredlarioja.com.ar\/sitio\/wp-content\/uploads\/2026\/04\/resize_1510093734.jpg",620,450,false],"large":["https:\/\/laredlarioja.com.ar\/sitio\/wp-content\/uploads\/2026\/04\/resize_1510093734.jpg",620,450,false],"1536x1536":["https:\/\/laredlarioja.com.ar\/sitio\/wp-content\/uploads\/2026\/04\/resize_1510093734.jpg",620,450,false],"2048x2048":["https:\/\/laredlarioja.com.ar\/sitio\/wp-content\/uploads\/2026\/04\/resize_1510093734.jpg",620,450,false],"cvmm-medium":["https:\/\/laredlarioja.com.ar\/sitio\/wp-content\/uploads\/2026\/04\/resize_1510093734-300x300.jpg",300,300,true],"cvmm-medium-plus":["https:\/\/laredlarioja.com.ar\/sitio\/wp-content\/uploads\/2026\/04\/resize_1510093734-305x207.jpg",305,207,true],"cvmm-portrait":["https:\/\/laredlarioja.com.ar\/sitio\/wp-content\/uploads\/2026\/04\/resize_1510093734-400x450.jpg",400,450,true],"cvmm-medium-square":["https:\/\/laredlarioja.com.ar\/sitio\/wp-content\/uploads\/2026\/04\/resize_1510093734-600x450.jpg",600,450,true],"cvmm-large":["https:\/\/laredlarioja.com.ar\/sitio\/wp-content\/uploads\/2026\/04\/resize_1510093734.jpg",620,450,false],"cvmm-small":["https:\/\/laredlarioja.com.ar\/sitio\/wp-content\/uploads\/2026\/04\/resize_1510093734-130x95.jpg",130,95,true],"morenews-large":["https:\/\/laredlarioja.com.ar\/sitio\/wp-content\/uploads\/2026\/04\/resize_1510093734.jpg",620,450,false],"morenews-medium":["https:\/\/laredlarioja.com.ar\/sitio\/wp-content\/uploads\/2026\/04\/resize_1510093734-590x410.jpg",590,410,true]},"author_info":{"display_name":"Anabella Soria","author_link":"https:\/\/laredlarioja.com.ar\/sitio\/author\/asoria\/"},"category_info":"<a href=\"https:\/\/laredlarioja.com.ar\/sitio\/categorias\/tapa\/\" rel=\"category tag\">Tapa<\/a>","tag_info":"Tapa","comment_count":"0","blog_post_layout_featured_media_urls":{"thumbnail":["https:\/\/laredlarioja.com.ar\/sitio\/wp-content\/uploads\/2026\/04\/resize_1510093734-150x150.jpg",150,150,true],"full":["https:\/\/laredlarioja.com.ar\/sitio\/wp-content\/uploads\/2026\/04\/resize_1510093734.jpg",620,450,false]},"categories_names":{"100":{"name":"Tapa","link":"https:\/\/laredlarioja.com.ar\/sitio\/categorias\/tapa\/"}},"tags_names":{"132":{"name":"Secundairas","link":"https:\/\/laredlarioja.com.ar\/sitio\/etiquetas\/secundairas\/"}},"comments_number":"0","wpmagazine_modules_lite_featured_media_urls":{"thumbnail":["https:\/\/laredlarioja.com.ar\/sitio\/wp-content\/uploads\/2026\/04\/resize_1510093734-150x150.jpg",150,150,true],"cvmm-medium":["https:\/\/laredlarioja.com.ar\/sitio\/wp-content\/uploads\/2026\/04\/resize_1510093734-300x300.jpg",300,300,true],"cvmm-medium-plus":["https:\/\/laredlarioja.com.ar\/sitio\/wp-content\/uploads\/2026\/04\/resize_1510093734-305x207.jpg",305,207,true],"cvmm-portrait":["https:\/\/laredlarioja.com.ar\/sitio\/wp-content\/uploads\/2026\/04\/resize_1510093734-400x450.jpg",400,450,true],"cvmm-medium-square":["https:\/\/laredlarioja.com.ar\/sitio\/wp-content\/uploads\/2026\/04\/resize_1510093734-600x450.jpg",600,450,true],"cvmm-large":["https:\/\/laredlarioja.com.ar\/sitio\/wp-content\/uploads\/2026\/04\/resize_1510093734.jpg",620,450,false],"cvmm-small":["https:\/\/laredlarioja.com.ar\/sitio\/wp-content\/uploads\/2026\/04\/resize_1510093734-130x95.jpg",130,95,true],"full":["https:\/\/laredlarioja.com.ar\/sitio\/wp-content\/uploads\/2026\/04\/resize_1510093734.jpg",620,450,false]},"_links":{"self":[{"href":"https:\/\/laredlarioja.com.ar\/sitio\/wp-json\/wp\/v2\/posts\/77741","targetHints":{"allow":["GET"]}}],"collection":[{"href":"https:\/\/laredlarioja.com.ar\/sitio\/wp-json\/wp\/v2\/posts"}],"about":[{"href":"https:\/\/laredlarioja.com.ar\/sitio\/wp-json\/wp\/v2\/types\/post"}],"author":[{"embeddable":true,"href":"https:\/\/laredlarioja.com.ar\/sitio\/wp-json\/wp\/v2\/users\/7"}],"replies":[{"embeddable":true,"href":"https:\/\/laredlarioja.com.ar\/sitio\/wp-json\/wp\/v2\/comments?post=77741"}],"version-history":[{"count":1,"href":"https:\/\/laredlarioja.com.ar\/sitio\/wp-json\/wp\/v2\/posts\/77741\/revisions"}],"predecessor-version":[{"id":77743,"href":"https:\/\/laredlarioja.com.ar\/sitio\/wp-json\/wp\/v2\/posts\/77741\/revisions\/77743"}],"wp:featuredmedia":[{"embeddable":true,"href":"https:\/\/laredlarioja.com.ar\/sitio\/wp-json\/wp\/v2\/media\/77742"}],"wp:attachment":[{"href":"https:\/\/laredlarioja.com.ar\/sitio\/wp-json\/wp\/v2\/media?parent=77741"}],"wp:term":[{"taxonomy":"category","embeddable":true,"href":"https:\/\/laredlarioja.com.ar\/sitio\/wp-json\/wp\/v2\/categories?post=77741"},{"taxonomy":"post_tag","embeddable":true,"href":"https:\/\/laredlarioja.com.ar\/sitio\/wp-json\/wp\/v2\/tags?post=77741"}],"curies":[{"name":"wp","href":"https:\/\/api.w.org\/{rel}","templated":true}]}}