{"id":77744,"date":"2026-04-30T22:42:01","date_gmt":"2026-04-30T22:42:01","guid":{"rendered":"https:\/\/laredlarioja.com.ar\/sitio\/?p=77744"},"modified":"2026-04-30T22:42:01","modified_gmt":"2026-04-30T22:42:01","slug":"se-confirmo-la-lesion-que-sufrio-julian-alvarez-por-la-champions-league-el-resultado-de-los-estudios","status":"publish","type":"post","link":"https:\/\/laredlarioja.com.ar\/sitio\/se-confirmo-la-lesion-que-sufrio-julian-alvarez-por-la-champions-league-el-resultado-de-los-estudios\/","title":{"rendered":"Se confirm\u00f3 la lesi\u00f3n que sufri\u00f3 Juli\u00e1n \u00c1lvarez por la Champions League: el resultado de los estudios"},"content":{"rendered":"<p>El delantero argentino fue reemplazado a 13 minutos del final del empate entre el Atl\u00e9tico de Madrid y el Arsenal, por la semifinal de ida de la competencia.<\/p>\n<p>La lesi\u00f3n de Juli\u00e1n \u00c1lvarez no reviste gravedad. Los estudios m\u00e9dicos a los que se someti\u00f3 este jueves en las instalaciones del Atl\u00e9tico de Madrid descartaron da\u00f1o estructural en el tobillo izquierdo, que lo oblig\u00f3 a abandonar el campo a los 77 minutos del empate 1-1 ante el Arsenal por la ida de las semifinales de la Champions League.<\/p>\n<p>Seg\u00fan inform\u00f3 Cadena Cope, el delantero argentino padece un esguince leve y no tendr\u00e1 inconvenientes para estar disponible el pr\u00f3ximo martes 5 de mayo en el Emirates Stadium de Londres de cara a la revancha.<\/p>\n<p>El episodio que encendi\u00f3 las alarmas se produjo en el segundo tiempo del partido disputado en el Metropolitano. Una acci\u00f3n desafortunada mientras peleaba la pelota con Eberechi Eze dej\u00f3 a La Ara\u00f1a en el suelo, tom\u00e1ndose el tobillo da\u00f1ado. Tras varios intentos de continuar en el terreno de juego, el atacante nacido en Calch\u00edn debi\u00f3 retirarse y fue reemplazado por \u00c1lex Baena. Antes de salir, sin embargo, ya hab\u00eda dejado su firma en el marcador: el gol del empate, convertido de penal, con un remate furioso que desorient\u00f3 al arquero David Raya, quien esperaba que le picara el esf\u00e9rico.<\/p>\n<p>El delantero no particip\u00f3 en la pr\u00e1ctica de este jueves, en la que solo trabajaron los jugadores que no fueron titulares ante los Gunners. En su lugar, se someti\u00f3 a las pruebas correspondientes junto a otros dos futbolistas que tambi\u00e9n salieron del partido con molestias: Giuliano Simeone, quien dej\u00f3 su lugar en el campo a los 47 minutos (lo reemplaz\u00f3 Robin Le Normand), y el noruego Alexander Sorloth, quien ni siquiera hab\u00eda podido estar en el once por una molestia en los isquiotibiales. Los resultados para los tres fueron alentadores, seg\u00fan consign\u00f3 el diario Marca.<\/p>\n<p>El propio t\u00e9cnico Diego Simeone hab\u00eda anticipado el diagn\u00f3stico positivo tras el pitazo final del mi\u00e9rcoles. \u201cEl martes van a estar seguro. Giuliano por la sobrecarga. Juli\u00e1n por la ca\u00edda que tuvo en la mitad de cancha. No tengo dudas de que el martes van a jugar\u201d, declar\u00f3 el entrenador en rueda de prensa. Con los estudios ya realizados, esa certeza qued\u00f3 respaldada por la medicina.<\/p>\n<p>El diagn\u00f3stico supone un alivio para el Atleti, pero tambi\u00e9n para la selecci\u00f3n argentina, a poco m\u00e1s de 40 d\u00edas para el inicio del Mundial de Estados Unidos, M\u00e9xico y Canad\u00e1 2026.<\/p>\n<p>Los n\u00fameros no hacen m\u00e1s que expresar el valor del aporte del ex River y Manchester City: con su conquista ante el Arsenal, el campe\u00f3n del mundo con la Albiceleste (y bicampe\u00f3n de Am\u00e9rica) alcanz\u00f3 los 25 goles en 41 partidos en la Champions, y se convirti\u00f3 en el argentino que necesit\u00f3 menos presencias para llegar a esa cifra. Detr\u00e1s quedaron Lionel Messi (lo hizo en 42 duelos) y Sergio Ag\u00fcero (48). En la presente edici\u00f3n, acumula diez gritos.<\/p>\n<p>El partido de vuelta de la semifinal se disputar\u00e1 el martes 5 de mayo a las 16:00 (hora argentina) en el Emirates Stadium. Antes de ese compromiso, el Atl\u00e9tico de Madrid visitar\u00e1 al Valencia este s\u00e1bado 2 de mayo a las 11:15, por la fecha 34 de LaLiga, donde los rojiblancos marchan cuartos con 60 puntos, a diez del Betis, quinto con 50. El Cholo previsiblemente optar\u00e1 por una rotaci\u00f3n amplia en ese encuentro para preservar a sus hombres de cara al duelo que define el pasaje a la final europea, una instancia que el club no alcanza desde el 28 de mayo de 2016, cuando cay\u00f3 ante el Real Madrid por 2-1 en tiempo extra.<\/p>\n","protected":false},"excerpt":{"rendered":"<p>El delantero argentino fue reemplazado a 13 minutos del final del empate entre el Atl\u00e9tico de Madrid y<\/p>\n","protected":false},"author":7,"featured_media":77745,"comment_status":"closed","ping_status":"open","sticky":false,"template":"","format":"standard","meta":{"footnotes":""},"categories":[26],"tags":[],"class_list":["post-77744","post","type-post","status-publish","format-standard","has-post-thumbnail","hentry","category-deportes"],"yoast_head":"<!-- This site is optimized with the Yoast SEO plugin v27.4 - https:\/\/yoast.com\/product\/yoast-seo-wordpress\/ -->\n<title>Se confirm\u00f3 la lesi\u00f3n que sufri\u00f3 Juli\u00e1n \u00c1lvarez por la Champions League: el resultado de los estudios - LA RED 88.3 LA RIOJA<\/title>\n<meta name=\"robots\" content=\"index, follow, max-snippet:-1, max-image-preview:large, max-video-preview:-1\" \/>\n<link rel=\"canonical\" href=\"https:\/\/laredlarioja.com.ar\/sitio\/se-confirmo-la-lesion-que-sufrio-julian-alvarez-por-la-champions-league-el-resultado-de-los-estudios\/\" \/>\n<meta property=\"og:locale\" content=\"es_ES\" \/>\n<meta property=\"og:type\" content=\"article\" \/>\n<meta property=\"og:title\" content=\"Se confirm\u00f3 la lesi\u00f3n que sufri\u00f3 Juli\u00e1n \u00c1lvarez por la Champions League: el resultado de los estudios - LA RED 88.3 LA RIOJA\" \/>\n<meta property=\"og:description\" content=\"El delantero argentino fue reemplazado a 13 minutos del final del empate entre el Atl\u00e9tico de Madrid y\" \/>\n<meta property=\"og:url\" content=\"https:\/\/laredlarioja.com.ar\/sitio\/se-confirmo-la-lesion-que-sufrio-julian-alvarez-por-la-champions-league-el-resultado-de-los-estudios\/\" \/>\n<meta property=\"og:site_name\" content=\"LA RED 88.3 LA RIOJA\" \/>\n<meta property=\"article:publisher\" content=\"https:\/\/www.facebook.com\/lared.larioja\" \/>\n<meta property=\"article:published_time\" content=\"2026-04-30T22:42:01+00:00\" \/>\n<meta name=\"author\" content=\"Anabella Soria\" \/>\n<meta name=\"twitter:card\" content=\"summary_large_image\" \/>\n<meta name=\"twitter:creator\" content=\"@laredlarioja1\" \/>\n<meta name=\"twitter:site\" content=\"@laredlarioja1\" \/>\n<meta name=\"twitter:label1\" content=\"Escrito por\" \/>\n\t<meta name=\"twitter:data1\" content=\"Anabella Soria\" \/>\n\t<meta name=\"twitter:label2\" content=\"Tiempo de lectura\" \/>\n\t<meta name=\"twitter:data2\" content=\"3 minutos\" \/>\n<script type=\"application\/ld+json\" class=\"yoast-schema-graph\">{\"@context\":\"https:\\\/\\\/schema.org\",\"@graph\":[{\"@type\":\"Article\",\"@id\":\"https:\\\/\\\/laredlarioja.com.ar\\\/sitio\\\/se-confirmo-la-lesion-que-sufrio-julian-alvarez-por-la-champions-league-el-resultado-de-los-estudios\\\/#article\",\"isPartOf\":{\"@id\":\"https:\\\/\\\/laredlarioja.com.ar\\\/sitio\\\/se-confirmo-la-lesion-que-sufrio-julian-alvarez-por-la-champions-league-el-resultado-de-los-estudios\\\/\"},\"author\":{\"name\":\"Anabella Soria\",\"@id\":\"https:\\\/\\\/laredlarioja.com.ar\\\/sitio\\\/#\\\/schema\\\/person\\\/31f88059d20c5cf06e974fd895aec56e\"},\"headline\":\"Se confirm\u00f3 la lesi\u00f3n que sufri\u00f3 Juli\u00e1n \u00c1lvarez por la Champions League: el resultado de los estudios\",\"datePublished\":\"2026-04-30T22:42:01+00:00\",\"mainEntityOfPage\":{\"@id\":\"https:\\\/\\\/laredlarioja.com.ar\\\/sitio\\\/se-confirmo-la-lesion-que-sufrio-julian-alvarez-por-la-champions-league-el-resultado-de-los-estudios\\\/\"},\"wordCount\":651,\"publisher\":{\"@id\":\"https:\\\/\\\/laredlarioja.com.ar\\\/sitio\\\/#organization\"},\"image\":{\"@id\":\"https:\\\/\\\/laredlarioja.com.ar\\\/sitio\\\/se-confirmo-la-lesion-que-sufrio-julian-alvarez-por-la-champions-league-el-resultado-de-los-estudios\\\/#primaryimage\"},\"thumbnailUrl\":\"https:\\\/\\\/laredlarioja.com.ar\\\/sitio\\\/wp-content\\\/uploads\\\/2026\\\/04\\\/juli.avif\",\"articleSection\":[\"Deportes\"],\"inLanguage\":\"es\"},{\"@type\":\"WebPage\",\"@id\":\"https:\\\/\\\/laredlarioja.com.ar\\\/sitio\\\/se-confirmo-la-lesion-que-sufrio-julian-alvarez-por-la-champions-league-el-resultado-de-los-estudios\\\/\",\"url\":\"https:\\\/\\\/laredlarioja.com.ar\\\/sitio\\\/se-confirmo-la-lesion-que-sufrio-julian-alvarez-por-la-champions-league-el-resultado-de-los-estudios\\\/\",\"name\":\"Se confirm\u00f3 la lesi\u00f3n que sufri\u00f3 Juli\u00e1n \u00c1lvarez por la Champions League: el resultado de los estudios - LA RED 88.3 LA RIOJA\",\"isPartOf\":{\"@id\":\"https:\\\/\\\/laredlarioja.com.ar\\\/sitio\\\/#website\"},\"primaryImageOfPage\":{\"@id\":\"https:\\\/\\\/laredlarioja.com.ar\\\/sitio\\\/se-confirmo-la-lesion-que-sufrio-julian-alvarez-por-la-champions-league-el-resultado-de-los-estudios\\\/#primaryimage\"},\"image\":{\"@id\":\"https:\\\/\\\/laredlarioja.com.ar\\\/sitio\\\/se-confirmo-la-lesion-que-sufrio-julian-alvarez-por-la-champions-league-el-resultado-de-los-estudios\\\/#primaryimage\"},\"thumbnailUrl\":\"https:\\\/\\\/laredlarioja.com.ar\\\/sitio\\\/wp-content\\\/uploads\\\/2026\\\/04\\\/juli.avif\",\"datePublished\":\"2026-04-30T22:42:01+00:00\",\"breadcrumb\":{\"@id\":\"https:\\\/\\\/laredlarioja.com.ar\\\/sitio\\\/se-confirmo-la-lesion-que-sufrio-julian-alvarez-por-la-champions-league-el-resultado-de-los-estudios\\\/#breadcrumb\"},\"inLanguage\":\"es\",\"potentialAction\":[{\"@type\":\"ReadAction\",\"target\":[\"https:\\\/\\\/laredlarioja.com.ar\\\/sitio\\\/se-confirmo-la-lesion-que-sufrio-julian-alvarez-por-la-champions-league-el-resultado-de-los-estudios\\\/\"]}]},{\"@type\":\"ImageObject\",\"inLanguage\":\"es\",\"@id\":\"https:\\\/\\\/laredlarioja.com.ar\\\/sitio\\\/se-confirmo-la-lesion-que-sufrio-julian-alvarez-por-la-champions-league-el-resultado-de-los-estudios\\\/#primaryimage\",\"url\":\"https:\\\/\\\/laredlarioja.com.ar\\\/sitio\\\/wp-content\\\/uploads\\\/2026\\\/04\\\/juli.avif\",\"contentUrl\":\"https:\\\/\\\/laredlarioja.com.ar\\\/sitio\\\/wp-content\\\/uploads\\\/2026\\\/04\\\/juli.avif\",\"width\":992,\"height\":558},{\"@type\":\"BreadcrumbList\",\"@id\":\"https:\\\/\\\/laredlarioja.com.ar\\\/sitio\\\/se-confirmo-la-lesion-que-sufrio-julian-alvarez-por-la-champions-league-el-resultado-de-los-estudios\\\/#breadcrumb\",\"itemListElement\":[{\"@type\":\"ListItem\",\"position\":1,\"name\":\"Portada\",\"item\":\"https:\\\/\\\/laredlarioja.com.ar\\\/sitio\\\/\"},{\"@type\":\"ListItem\",\"position\":2,\"name\":\"Se confirm\u00f3 la lesi\u00f3n que sufri\u00f3 Juli\u00e1n \u00c1lvarez por la Champions League: el resultado de los estudios\"}]},{\"@type\":\"WebSite\",\"@id\":\"https:\\\/\\\/laredlarioja.com.ar\\\/sitio\\\/#website\",\"url\":\"https:\\\/\\\/laredlarioja.com.ar\\\/sitio\\\/\",\"name\":\"LA RED 88.3 LA RIOJA\",\"description\":\"Sitio de Noticias\",\"publisher\":{\"@id\":\"https:\\\/\\\/laredlarioja.com.ar\\\/sitio\\\/#organization\"},\"potentialAction\":[{\"@type\":\"SearchAction\",\"target\":{\"@type\":\"EntryPoint\",\"urlTemplate\":\"https:\\\/\\\/laredlarioja.com.ar\\\/sitio\\\/?s={search_term_string}\"},\"query-input\":{\"@type\":\"PropertyValueSpecification\",\"valueRequired\":true,\"valueName\":\"search_term_string\"}}],\"inLanguage\":\"es\"},{\"@type\":\"Organization\",\"@id\":\"https:\\\/\\\/laredlarioja.com.ar\\\/sitio\\\/#organization\",\"name\":\"LA RED 88.3 LA RIOJA\",\"url\":\"https:\\\/\\\/laredlarioja.com.ar\\\/sitio\\\/\",\"logo\":{\"@type\":\"ImageObject\",\"inLanguage\":\"es\",\"@id\":\"https:\\\/\\\/laredlarioja.com.ar\\\/sitio\\\/#\\\/schema\\\/logo\\\/image\\\/\",\"url\":\"https:\\\/\\\/laredlarioja.com.ar\\\/sitio\\\/wp-content\\\/uploads\\\/2025\\\/05\\\/LOGO-LA-RED.png\",\"contentUrl\":\"https:\\\/\\\/laredlarioja.com.ar\\\/sitio\\\/wp-content\\\/uploads\\\/2025\\\/05\\\/LOGO-LA-RED.png\",\"width\":193,\"height\":340,\"caption\":\"LA RED 88.3 LA RIOJA\"},\"image\":{\"@id\":\"https:\\\/\\\/laredlarioja.com.ar\\\/sitio\\\/#\\\/schema\\\/logo\\\/image\\\/\"},\"sameAs\":[\"https:\\\/\\\/www.facebook.com\\\/lared.larioja\",\"https:\\\/\\\/x.com\\\/laredlarioja1\",\"https:\\\/\\\/www.instagram.com\\\/lared_larioja\\\/\"]},{\"@type\":\"Person\",\"@id\":\"https:\\\/\\\/laredlarioja.com.ar\\\/sitio\\\/#\\\/schema\\\/person\\\/31f88059d20c5cf06e974fd895aec56e\",\"name\":\"Anabella Soria\",\"url\":\"https:\\\/\\\/laredlarioja.com.ar\\\/sitio\\\/author\\\/asoria\\\/\"}]}<\/script>\n<!-- \/ Yoast SEO plugin. -->","yoast_head_json":{"title":"Se confirm\u00f3 la lesi\u00f3n que sufri\u00f3 Juli\u00e1n \u00c1lvarez por la Champions League: el resultado de los estudios - LA RED 88.3 LA RIOJA","robots":{"index":"index","follow":"follow","max-snippet":"max-snippet:-1","max-image-preview":"max-image-preview:large","max-video-preview":"max-video-preview:-1"},"canonical":"https:\/\/laredlarioja.com.ar\/sitio\/se-confirmo-la-lesion-que-sufrio-julian-alvarez-por-la-champions-league-el-resultado-de-los-estudios\/","og_locale":"es_ES","og_type":"article","og_title":"Se confirm\u00f3 la lesi\u00f3n que sufri\u00f3 Juli\u00e1n \u00c1lvarez por la Champions League: el resultado de los estudios - LA RED 88.3 LA RIOJA","og_description":"El delantero argentino fue reemplazado a 13 minutos del final del empate entre el Atl\u00e9tico de Madrid y","og_url":"https:\/\/laredlarioja.com.ar\/sitio\/se-confirmo-la-lesion-que-sufrio-julian-alvarez-por-la-champions-league-el-resultado-de-los-estudios\/","og_site_name":"LA RED 88.3 LA RIOJA","article_publisher":"https:\/\/www.facebook.com\/lared.larioja","article_published_time":"2026-04-30T22:42:01+00:00","author":"Anabella Soria","twitter_card":"summary_large_image","twitter_creator":"@laredlarioja1","twitter_site":"@laredlarioja1","twitter_misc":{"Escrito por":"Anabella Soria","Tiempo de lectura":"3 minutos"},"schema":{"@context":"https:\/\/schema.org","@graph":[{"@type":"Article","@id":"https:\/\/laredlarioja.com.ar\/sitio\/se-confirmo-la-lesion-que-sufrio-julian-alvarez-por-la-champions-league-el-resultado-de-los-estudios\/#article","isPartOf":{"@id":"https:\/\/laredlarioja.com.ar\/sitio\/se-confirmo-la-lesion-que-sufrio-julian-alvarez-por-la-champions-league-el-resultado-de-los-estudios\/"},"author":{"name":"Anabella Soria","@id":"https:\/\/laredlarioja.com.ar\/sitio\/#\/schema\/person\/31f88059d20c5cf06e974fd895aec56e"},"headline":"Se confirm\u00f3 la lesi\u00f3n que sufri\u00f3 Juli\u00e1n \u00c1lvarez por la Champions League: el resultado de los estudios","datePublished":"2026-04-30T22:42:01+00:00","mainEntityOfPage":{"@id":"https:\/\/laredlarioja.com.ar\/sitio\/se-confirmo-la-lesion-que-sufrio-julian-alvarez-por-la-champions-league-el-resultado-de-los-estudios\/"},"wordCount":651,"publisher":{"@id":"https:\/\/laredlarioja.com.ar\/sitio\/#organization"},"image":{"@id":"https:\/\/laredlarioja.com.ar\/sitio\/se-confirmo-la-lesion-que-sufrio-julian-alvarez-por-la-champions-league-el-resultado-de-los-estudios\/#primaryimage"},"thumbnailUrl":"https:\/\/laredlarioja.com.ar\/sitio\/wp-content\/uploads\/2026\/04\/juli.avif","articleSection":["Deportes"],"inLanguage":"es"},{"@type":"WebPage","@id":"https:\/\/laredlarioja.com.ar\/sitio\/se-confirmo-la-lesion-que-sufrio-julian-alvarez-por-la-champions-league-el-resultado-de-los-estudios\/","url":"https:\/\/laredlarioja.com.ar\/sitio\/se-confirmo-la-lesion-que-sufrio-julian-alvarez-por-la-champions-league-el-resultado-de-los-estudios\/","name":"Se confirm\u00f3 la lesi\u00f3n que sufri\u00f3 Juli\u00e1n \u00c1lvarez por la Champions League: el resultado de los estudios - LA RED 88.3 LA RIOJA","isPartOf":{"@id":"https:\/\/laredlarioja.com.ar\/sitio\/#website"},"primaryImageOfPage":{"@id":"https:\/\/laredlarioja.com.ar\/sitio\/se-confirmo-la-lesion-que-sufrio-julian-alvarez-por-la-champions-league-el-resultado-de-los-estudios\/#primaryimage"},"image":{"@id":"https:\/\/laredlarioja.com.ar\/sitio\/se-confirmo-la-lesion-que-sufrio-julian-alvarez-por-la-champions-league-el-resultado-de-los-estudios\/#primaryimage"},"thumbnailUrl":"https:\/\/laredlarioja.com.ar\/sitio\/wp-content\/uploads\/2026\/04\/juli.avif","datePublished":"2026-04-30T22:42:01+00:00","breadcrumb":{"@id":"https:\/\/laredlarioja.com.ar\/sitio\/se-confirmo-la-lesion-que-sufrio-julian-alvarez-por-la-champions-league-el-resultado-de-los-estudios\/#breadcrumb"},"inLanguage":"es","potentialAction":[{"@type":"ReadAction","target":["https:\/\/laredlarioja.com.ar\/sitio\/se-confirmo-la-lesion-que-sufrio-julian-alvarez-por-la-champions-league-el-resultado-de-los-estudios\/"]}]},{"@type":"ImageObject","inLanguage":"es","@id":"https:\/\/laredlarioja.com.ar\/sitio\/se-confirmo-la-lesion-que-sufrio-julian-alvarez-por-la-champions-league-el-resultado-de-los-estudios\/#primaryimage","url":"https:\/\/laredlarioja.com.ar\/sitio\/wp-content\/uploads\/2026\/04\/juli.avif","contentUrl":"https:\/\/laredlarioja.com.ar\/sitio\/wp-content\/uploads\/2026\/04\/juli.avif","width":992,"height":558},{"@type":"BreadcrumbList","@id":"https:\/\/laredlarioja.com.ar\/sitio\/se-confirmo-la-lesion-que-sufrio-julian-alvarez-por-la-champions-league-el-resultado-de-los-estudios\/#breadcrumb","itemListElement":[{"@type":"ListItem","position":1,"name":"Portada","item":"https:\/\/laredlarioja.com.ar\/sitio\/"},{"@type":"ListItem","position":2,"name":"Se confirm\u00f3 la lesi\u00f3n que sufri\u00f3 Juli\u00e1n \u00c1lvarez por la Champions League: el resultado de los estudios"}]},{"@type":"WebSite","@id":"https:\/\/laredlarioja.com.ar\/sitio\/#website","url":"https:\/\/laredlarioja.com.ar\/sitio\/","name":"LA RED 88.3 LA RIOJA","description":"Sitio de Noticias","publisher":{"@id":"https:\/\/laredlarioja.com.ar\/sitio\/#organization"},"potentialAction":[{"@type":"SearchAction","target":{"@type":"EntryPoint","urlTemplate":"https:\/\/laredlarioja.com.ar\/sitio\/?s={search_term_string}"},"query-input":{"@type":"PropertyValueSpecification","valueRequired":true,"valueName":"search_term_string"}}],"inLanguage":"es"},{"@type":"Organization","@id":"https:\/\/laredlarioja.com.ar\/sitio\/#organization","name":"LA RED 88.3 LA RIOJA","url":"https:\/\/laredlarioja.com.ar\/sitio\/","logo":{"@type":"ImageObject","inLanguage":"es","@id":"https:\/\/laredlarioja.com.ar\/sitio\/#\/schema\/logo\/image\/","url":"https:\/\/laredlarioja.com.ar\/sitio\/wp-content\/uploads\/2025\/05\/LOGO-LA-RED.png","contentUrl":"https:\/\/laredlarioja.com.ar\/sitio\/wp-content\/uploads\/2025\/05\/LOGO-LA-RED.png","width":193,"height":340,"caption":"LA RED 88.3 LA RIOJA"},"image":{"@id":"https:\/\/laredlarioja.com.ar\/sitio\/#\/schema\/logo\/image\/"},"sameAs":["https:\/\/www.facebook.com\/lared.larioja","https:\/\/x.com\/laredlarioja1","https:\/\/www.instagram.com\/lared_larioja\/"]},{"@type":"Person","@id":"https:\/\/laredlarioja.com.ar\/sitio\/#\/schema\/person\/31f88059d20c5cf06e974fd895aec56e","name":"Anabella Soria","url":"https:\/\/laredlarioja.com.ar\/sitio\/author\/asoria\/"}]}},"featured_image_urls":{"full":["https:\/\/laredlarioja.com.ar\/sitio\/wp-content\/uploads\/2026\/04\/juli.avif",992,558,false],"thumbnail":["https:\/\/laredlarioja.com.ar\/sitio\/wp-content\/uploads\/2026\/04\/juli.avif",150,84,false],"medium":["https:\/\/laredlarioja.com.ar\/sitio\/wp-content\/uploads\/2026\/04\/juli.avif",300,169,false],"medium_large":["https:\/\/laredlarioja.com.ar\/sitio\/wp-content\/uploads\/2026\/04\/juli.avif",640,360,false],"large":["https:\/\/laredlarioja.com.ar\/sitio\/wp-content\/uploads\/2026\/04\/juli.avif",640,360,false],"1536x1536":["https:\/\/laredlarioja.com.ar\/sitio\/wp-content\/uploads\/2026\/04\/juli.avif",992,558,false],"2048x2048":["https:\/\/laredlarioja.com.ar\/sitio\/wp-content\/uploads\/2026\/04\/juli.avif",992,558,false],"cvmm-medium":["https:\/\/laredlarioja.com.ar\/sitio\/wp-content\/uploads\/2026\/04\/juli.avif",300,169,false],"cvmm-medium-plus":["https:\/\/laredlarioja.com.ar\/sitio\/wp-content\/uploads\/2026\/04\/juli.avif",305,172,false],"cvmm-portrait":["https:\/\/laredlarioja.com.ar\/sitio\/wp-content\/uploads\/2026\/04\/juli.avif",400,225,false],"cvmm-medium-square":["https:\/\/laredlarioja.com.ar\/sitio\/wp-content\/uploads\/2026\/04\/juli.avif",600,338,false],"cvmm-large":["https:\/\/laredlarioja.com.ar\/sitio\/wp-content\/uploads\/2026\/04\/juli.avif",992,558,false],"cvmm-small":["https:\/\/laredlarioja.com.ar\/sitio\/wp-content\/uploads\/2026\/04\/juli.avif",130,73,false],"morenews-large":["https:\/\/laredlarioja.com.ar\/sitio\/wp-content\/uploads\/2026\/04\/juli.avif",825,464,false],"morenews-medium":["https:\/\/laredlarioja.com.ar\/sitio\/wp-content\/uploads\/2026\/04\/juli.avif",590,332,false]},"author_info":{"display_name":"Anabella Soria","author_link":"https:\/\/laredlarioja.com.ar\/sitio\/author\/asoria\/"},"category_info":"<a href=\"https:\/\/laredlarioja.com.ar\/sitio\/categorias\/deportes\/\" rel=\"category tag\">Deportes<\/a>","tag_info":"Deportes","comment_count":"0","blog_post_layout_featured_media_urls":{"thumbnail":["https:\/\/laredlarioja.com.ar\/sitio\/wp-content\/uploads\/2026\/04\/juli.avif",150,84,false],"full":["https:\/\/laredlarioja.com.ar\/sitio\/wp-content\/uploads\/2026\/04\/juli.avif",992,558,false]},"categories_names":{"26":{"name":"Deportes","link":"https:\/\/laredlarioja.com.ar\/sitio\/categorias\/deportes\/"}},"tags_names":[],"comments_number":"0","wpmagazine_modules_lite_featured_media_urls":{"thumbnail":["https:\/\/laredlarioja.com.ar\/sitio\/wp-content\/uploads\/2026\/04\/juli.avif",150,84,false],"cvmm-medium":["https:\/\/laredlarioja.com.ar\/sitio\/wp-content\/uploads\/2026\/04\/juli.avif",300,169,false],"cvmm-medium-plus":["https:\/\/laredlarioja.com.ar\/sitio\/wp-content\/uploads\/2026\/04\/juli.avif",305,172,false],"cvmm-portrait":["https:\/\/laredlarioja.com.ar\/sitio\/wp-content\/uploads\/2026\/04\/juli.avif",400,225,false],"cvmm-medium-square":["https:\/\/laredlarioja.com.ar\/sitio\/wp-content\/uploads\/2026\/04\/juli.avif",600,338,false],"cvmm-large":["https:\/\/laredlarioja.com.ar\/sitio\/wp-content\/uploads\/2026\/04\/juli.avif",992,558,false],"cvmm-small":["https:\/\/laredlarioja.com.ar\/sitio\/wp-content\/uploads\/2026\/04\/juli.avif",130,73,false],"full":["https:\/\/laredlarioja.com.ar\/sitio\/wp-content\/uploads\/2026\/04\/juli.avif",992,558,false]},"_links":{"self":[{"href":"https:\/\/laredlarioja.com.ar\/sitio\/wp-json\/wp\/v2\/posts\/77744","targetHints":{"allow":["GET"]}}],"collection":[{"href":"https:\/\/laredlarioja.com.ar\/sitio\/wp-json\/wp\/v2\/posts"}],"about":[{"href":"https:\/\/laredlarioja.com.ar\/sitio\/wp-json\/wp\/v2\/types\/post"}],"author":[{"embeddable":true,"href":"https:\/\/laredlarioja.com.ar\/sitio\/wp-json\/wp\/v2\/users\/7"}],"replies":[{"embeddable":true,"href":"https:\/\/laredlarioja.com.ar\/sitio\/wp-json\/wp\/v2\/comments?post=77744"}],"version-history":[{"count":1,"href":"https:\/\/laredlarioja.com.ar\/sitio\/wp-json\/wp\/v2\/posts\/77744\/revisions"}],"predecessor-version":[{"id":77746,"href":"https:\/\/laredlarioja.com.ar\/sitio\/wp-json\/wp\/v2\/posts\/77744\/revisions\/77746"}],"wp:featuredmedia":[{"embeddable":true,"href":"https:\/\/laredlarioja.com.ar\/sitio\/wp-json\/wp\/v2\/media\/77745"}],"wp:attachment":[{"href":"https:\/\/laredlarioja.com.ar\/sitio\/wp-json\/wp\/v2\/media?parent=77744"}],"wp:term":[{"taxonomy":"category","embeddable":true,"href":"https:\/\/laredlarioja.com.ar\/sitio\/wp-json\/wp\/v2\/categories?post=77744"},{"taxonomy":"post_tag","embeddable":true,"href":"https:\/\/laredlarioja.com.ar\/sitio\/wp-json\/wp\/v2\/tags?post=77744"}],"curies":[{"name":"wp","href":"https:\/\/api.w.org\/{rel}","templated":true}]}}